{"id":138419,"date":"2015-05-10T18:25:58","date_gmt":"2015-05-10T16:25:58","guid":{"rendered":"http:\/\/www.fuldaer-nachrichten.de\/?p=138419"},"modified":"2015-05-10T18:25:58","modified_gmt":"2015-05-10T16:25:58","slug":"wunden-aus-krieg-und-diktaturen-noch-offen-demokratie-bleibt-herausforderung","status":"publish","type":"post","link":"https:\/\/www.fuldaernachrichten.de\/?p=138419","title":{"rendered":"Wunden aus Krieg und Diktaturen noch offen \u2013 Demokratie bleibt Herausforderung"},"content":{"rendered":"<p>Auf dem 19. Bundeskongress der Landesbeauftragten und der Bundesstiftung zur Aufarbeitung der SED-Diktatur mit den Verfolgtenverb\u00e4n-den und Aufarbeitungsinitiativen bekr\u00e4ftigten die Teilnehmer die bleibende Heraus-forderung, Demokratie mitzugestalten.<\/p>\n<p>Der j\u00e4hrlich stattfindende Kongress \u2013 2015 unter dem Titel \u201e\u00dcberWunden. Der Weg zur Einheit. 1945 \/ 1990: Anfang und Ende der deutschen und europ\u00e4ischen Teilung\u201c \u2013 ist die einzige Plattform, bei der Vertreter von u\u00cc\u02c6ber 30 Verb\u00e4nden aus allen Bun-desl\u00e4ndern ihre Anliegen austauschen und Forderungen artikulieren.<\/p>\n<p>70 Jahre nach dem Ende des von Deutschland entfesselten Zweiten Weltkriegs und 25 Jahre nach Ende der deutschen und europ\u00e4ischen Teilung sind die Wunden, die Krieg und Diktaturen hinterlassen haben, noch l\u00e4ngst nicht alle verheilt. Beklagt wur-de die fehlende \u00f6ffentliche Wahrnehmung des erlittenen Unrechts und dass noch nicht alle Opfergruppen Entsch\u00e4digungsleistungen bekommen.<\/p>\n<p>In seinem Er\u00f6ffnungsvortrag im Fu\u00cc\u02c6rstensaal des Fuldaer Stadtschlosses warnte Gy\u00f6rgy D\u00e1los, ungarischer Publizist und fru\u00cc\u02c6herer Dissident, vor Gefahren fu\u00cc\u02c6r die Demokratie. Eine niedrige Wahlbeteiligung, wie bei den letzten Europawahlen in Un-garn mit lediglich 36 Prozent, bringe historisch tief verwurzelte antidemokratische Tendenzen zum Tragen.<\/p>\n<p>Die Podien und Diskussionen nahmen neben dem Europ\u00e4ischen Diktaturenvergleich auch aktuelle Probleme des Transformationsprozesses in den L\u00e4ndern Ostmittel- und Osteuropas in den Blick. Dazu trugen auch die G\u00e4ste aus Albanien, Bosnien-Herzegowina, Rum\u00e4nien und Tschechien bei. Im 25. Jubil\u00e4umsjahr steht Fulda als Tagungsort ebenso fu\u00cc\u02c6r die Deutsche Einheit wie die von Hessen und Thu\u00cc\u02c6ringen gemeinsam getragene Gedenkst\u00e4tte Point Alpha, wo am Sonntag der Kongress mit einer Gedenkveranstaltung endete.<\/p>\n","protected":false},"excerpt":{"rendered":"<div class=\"tmnf_excerpt\"><p>Auf dem 19. Bundeskongress der Landesbeauftragten und der Bundesstiftung zur Aufarbeitung der SED-Diktatur mit den Verfolgtenverb\u00e4n-den und Aufarbeitungsinitiativen bekr\u00e4ftigten die Teilnehmer die bleibende Heraus-forderung, Demokratie mitzugestalten. Der j\u00e4hrlich stattfindende Kongress \u2013 2015 unter dem Titel \u201e\u00dcberWunden. Der Weg zur Einheit. 1945 \/ 1990: Anfang und Ende der deutschen und europ\u00e4ischen Teilung\u201c \u2013 ist die einzige &hellip;<\/p>\n<\/div>","protected":false},"author":1,"featured_media":0,"comment_status":"closed","ping_status":"closed","sticky":false,"template":"","format":"standard","meta":{"footnotes":""},"categories":[1],"tags":[],"class_list":["post-138419","post","type-post","status-publish","format-standard","hentry","category-startseite"],"_links":{"self":[{"href":"https:\/\/www.fuldaernachrichten.de\/index.php?rest_route=\/wp\/v2\/posts\/138419","targetHints":{"allow":["GET"]}}],"collection":[{"href":"https:\/\/www.fuldaernachrichten.de\/index.php?rest_route=\/wp\/v2\/posts"}],"about":[{"href":"https:\/\/www.fuldaernachrichten.de\/index.php?rest_route=\/wp\/v2\/types\/post"}],"author":[{"embeddable":true,"href":"https:\/\/www.fuldaernachrichten.de\/index.php?rest_route=\/wp\/v2\/users\/1"}],"replies":[{"embeddable":true,"href":"https:\/\/www.fuldaernachrichten.de\/index.php?rest_route=%2Fwp%2Fv2%2Fcomments&post=138419"}],"version-history":[{"count":1,"href":"https:\/\/www.fuldaernachrichten.de\/index.php?rest_route=\/wp\/v2\/posts\/138419\/revisions"}],"predecessor-version":[{"id":138420,"href":"https:\/\/www.fuldaernachrichten.de\/index.php?rest_route=\/wp\/v2\/posts\/138419\/revisions\/138420"}],"wp:attachment":[{"href":"https:\/\/www.fuldaernachrichten.de\/index.php?rest_route=%2Fwp%2Fv2%2Fmedia&parent=138419"}],"wp:term":[{"taxonomy":"category","embeddable":true,"href":"https:\/\/www.fuldaernachrichten.de\/index.php?rest_route=%2Fwp%2Fv2%2Fcategories&post=138419"},{"taxonomy":"post_tag","embeddable":true,"href":"https:\/\/www.fuldaernachrichten.de\/index.php?rest_route=%2Fwp%2Fv2%2Ftags&post=138419"}],"curies":[{"name":"wp","href":"https:\/\/api.w.org\/{rel}","templated":true}]}}