{"id":138412,"date":"2015-05-10T18:24:26","date_gmt":"2015-05-10T16:24:26","guid":{"rendered":"http:\/\/www.fuldaer-nachrichten.de\/?p=138412"},"modified":"2015-05-10T18:24:26","modified_gmt":"2015-05-10T16:24:26","slug":"evangelische-jugendarbeit-gemeinsam-talente-finden-samuel-kuemmel-ist-neuer-jugendreferent-in-fulda","status":"publish","type":"post","link":"https:\/\/www.fuldaernachrichten.de\/?p=138412","title":{"rendered":"Evangelische Jugendarbeit: Gemeinsam Talente finden Samuel K\u00fcmmel ist neuer Jugendreferent in Fulda"},"content":{"rendered":"<p><a href=\"http:\/\/www.fuldaer-nachrichten.de\/wp-content\/uploads\/2015\/05\/K\u00fcmmel_Lange.jpg\"><img fetchpriority=\"high\" decoding=\"async\" class=\"alignleft size-medium wp-image-138414\" src=\"http:\/\/www.fuldaer-nachrichten.de\/wp-content\/uploads\/2015\/05\/K\u00fcmmel_Lange-265x200.jpg\" alt=\"K\u00fcmmel_Lange\" width=\"265\" height=\"200\" \/><\/a>Die Jugendarbeit des Evangelischen Kirchenkreises Fulda hat seit M\u00e4rz 2015 ein neues Gesicht: Jugendreferent Samuel K\u00fcmmel. Der 30-j\u00e4hrige hat jetzt Jugendliche zur Ausbildung f\u00fcr die Jugendleiter-Card begleitet.<\/p>\n<p>Es sind vier aus f\u00fcnfzig, die sich in ihren Ferien f\u00fcr die Jugendleiter-Card schulen und ausbilden lassen. Hannah, Leonie, Matthias und Kevin. Jugendliche zwischen 14 und 18 Jahren, die sich in Fuldaer Kirchengemeinden in der Kinder- und Jugendarbeit engagieren.<\/p>\n<p>Vielf\u00e4ltig sind ihre Motivationen: \u201eHier lerne ich neue Leute kennen!\u201c \u201eHier entdecke ich meine Talente!\u201c \u201eHier ist jeder willkommen, so wie er ist!\u201c Junge Menschen mit Spa\u00df und frischem Engagement in der Kirche. Geschult wurde in Entwicklungspsychologie, Recht, Gruppenleitung und auch in religi\u00f6sen Fragen. Klar ist: Spa\u00df und Spiel kamen auch nicht zu kurz. Zum Team der Ausbilder im sogenannten \u201eBunten Grundkurs\u201c (Ausbildung zur Jugendleiter-Card), der j\u00e4hrlich von mehreren Kirchenkreisen veranstaltet wird, geh\u00f6rt auch der neue Jugendreferent Samuel K\u00fcmmel. \u201eJugendliche einzeln oder in Gruppen zu begleiten ist meine Aufgabe. Meine Leidenschaft ist, dass Jugendliche selbst zu Mitarbeitenden werden\u201c, so K\u00fcmmel, der nach seiner theologischen und p\u00e4dagogischen Ausbildung und einiger Berufserfahrung wieder in seiner Heimatstadt Fulda angekommen ist. Seit M\u00e4rz wohnt er zusammen mit seiner Frau Katharina und seiner knapp zweij\u00e4hrigen Tochter Salome in Fulda Kohlhaus.<\/p>\n<p><a href=\"http:\/\/www.fuldaer-nachrichten.de\/wp-content\/uploads\/2015\/05\/K\u00fcmmel-Samuel.jpg\"><img decoding=\"async\" class=\"alignleft size-medium wp-image-138415\" src=\"http:\/\/www.fuldaer-nachrichten.de\/wp-content\/uploads\/2015\/05\/K\u00fcmmel-Samuel-265x177.jpg\" alt=\"K\u00fcmmel, Samuel\" width=\"265\" height=\"177\" \/><\/a>Der Kirchenkreis Fulda investiert in die Jugendreferentenstelle, die zwei Standbeine hat, ein zentrales und ein dezentrales. \u201eDas Konzept sieht vor, dass der Stelleninhaber f\u00fcr Kinder und Jugendliche Freizeiten anbietet, Mitarbeiter schult, Jugendgottesdienste initiiert und Projekte begleitet\u201c, so Jugendpfarrer Marvin Lange. Daf\u00fcr stellt sich K\u00fcmmel gerade vielen Pfarrerinnen und Pfarrern im Kirchenkreis vor. Im Juni f\u00e4hrt er zusammen mit dem Jugendpfarrer und Jugendlichen auf den Evangelischen Kirchentag in Stuttgart.<\/p>\n<p>Gemeindlich angebunden ist Samuel K\u00fcmmel an die Kreuzkirchengemeinde, als dezentrales Standbein. Die Kreuzkirche im Westen von Fulda ist u.a. mit dem Neubaugebiet Fulda-Galerie, der ehemaligen Kaserne (M\u00fcnsterfeld), die statistisch j\u00fcngste Gemeinde im Kirchenkreis und hat damit ein Gro\u00dfteil an\u00c2\u00a0 Kindern, Konfirmanden und Jugendlichen. Hier leitet er eine Kindergruppe, baut mit den im Mai neu Konfirmierten eine Jugendgruppe auf und k\u00fcmmert sich um einzelne Kinder oder Jugendliche, die es, aus welchen Gr\u00fcnden auch immer, schwer haben. \u201eHier ist mit Samuel K\u00fcmmel ein junger Mann vor Ort, der Zeit hat f\u00fcr Schwache unabh\u00e4ngig von Religion und Herkunft und dazu in Netzwerken von Stadt, Organisationen und Schulen im Fuldaer Westen mitarbeitet\u201c, beschreibt Pfarrer Stefan B\u00fcrger das soziale Standbein der neuen Stelle.<\/p>\n<p>Dass dezentrale und zentrale Arbeit gro\u00dfe Schnittmengen haben, sieht man nun an dem Jugendleiter-Card-Kurs. Leonie und Hannah leiten seit eineinhalb Jahren die \u201eJesus-Kids-Gruppe\u201c in der Kreuzkirche mit, Matthias und Kevin sind in der Konfirmandenarbeit der Bonhoeffergemeinde engagiert. \u201eHier schlie\u00dft sich\u201c, so Dekan Bengt Seeberg, \u201eein Kreis: Jugendliche aus verschiedenen Gemeinden werden zusammen vom Jugendreferenten des Kirchenkreises ausgebildet. \u00dcbergemeindliche Projekte entstehen. F\u00fcr mich ist das eine Investition in die Zukunft, einer jungen und frischen Kirche. Das gef\u00e4llt mir und daf\u00fcr wenden wir Kraft und Geld auf.\u201c<\/p>\n<p>Die Stelle des Kirchenkreises ist zun\u00e4chst auf drei Jahre befristet und wird zu gro\u00dfen Teilen vom Kirchenkreis finanziert. Die Kreuzkirche zahlt einen Personalkostenanteil von 5.000 Euro plus Sachkosten f\u00fcr ihr Projekt \u00e2\u20ac\u0161Zukunft leben\u00e2\u20ac\u02dc. \u201eZwar dr\u00fcckt uns noch weiter unser Erweiterungsbau-Darlehen, wir sind aber hoffnungsvoll, dass Einzelpersonen, Firmen und Gemeindeglieder diese Aufgabe als wichtig ansehen und durch Spenden mithelfen\u201c, so Pfarrer Stefan B\u00fcrger. Neu ist die M\u00f6glichkeit neben der \u00dcberweisung direkt und sicher online zu spenden (spende.kreuzkirche-fulda.de)<br \/>\nAm Sonntag, 11. Oktober 2015, ist in der Kreuzkirche um 10.00 Uhr ein offizieller Einf\u00fchrungsgottesdienst des Jugendreferenten geplant, den er dann mit Jugendlichen gemeinsam gestalten wird.<\/p>\n","protected":false},"excerpt":{"rendered":"<div class=\"tmnf_excerpt\"><p>Die Jugendarbeit des Evangelischen Kirchenkreises Fulda hat seit M\u00e4rz 2015 ein neues Gesicht: Jugendreferent Samuel K\u00fcmmel. Der 30-j\u00e4hrige hat jetzt Jugendliche zur Ausbildung f\u00fcr die Jugendleiter-Card begleitet. Es sind vier aus f\u00fcnfzig, die sich in ihren Ferien f\u00fcr die Jugendleiter-Card schulen und ausbilden lassen. Hannah, Leonie, Matthias und Kevin. Jugendliche zwischen 14 und 18 Jahren, &hellip;<\/p>\n<\/div>","protected":false},"author":1,"featured_media":138413,"comment_status":"closed","ping_status":"closed","sticky":false,"template":"","format":"standard","meta":{"footnotes":""},"categories":[1,50],"tags":[],"class_list":["post-138412","post","type-post","status-publish","format-standard","has-post-thumbnail","hentry","category-startseite","category-kirche"],"_links":{"self":[{"href":"https:\/\/www.fuldaernachrichten.de\/index.php?rest_route=\/wp\/v2\/posts\/138412","targetHints":{"allow":["GET"]}}],"collection":[{"href":"https:\/\/www.fuldaernachrichten.de\/index.php?rest_route=\/wp\/v2\/posts"}],"about":[{"href":"https:\/\/www.fuldaernachrichten.de\/index.php?rest_route=\/wp\/v2\/types\/post"}],"author":[{"embeddable":true,"href":"https:\/\/www.fuldaernachrichten.de\/index.php?rest_route=\/wp\/v2\/users\/1"}],"replies":[{"embeddable":true,"href":"https:\/\/www.fuldaernachrichten.de\/index.php?rest_route=%2Fwp%2Fv2%2Fcomments&post=138412"}],"version-history":[{"count":1,"href":"https:\/\/www.fuldaernachrichten.de\/index.php?rest_route=\/wp\/v2\/posts\/138412\/revisions"}],"predecessor-version":[{"id":138416,"href":"https:\/\/www.fuldaernachrichten.de\/index.php?rest_route=\/wp\/v2\/posts\/138412\/revisions\/138416"}],"wp:featuredmedia":[{"embeddable":true,"href":"https:\/\/www.fuldaernachrichten.de\/index.php?rest_route=\/wp\/v2\/media\/138413"}],"wp:attachment":[{"href":"https:\/\/www.fuldaernachrichten.de\/index.php?rest_route=%2Fwp%2Fv2%2Fmedia&parent=138412"}],"wp:term":[{"taxonomy":"category","embeddable":true,"href":"https:\/\/www.fuldaernachrichten.de\/index.php?rest_route=%2Fwp%2Fv2%2Fcategories&post=138412"},{"taxonomy":"post_tag","embeddable":true,"href":"https:\/\/www.fuldaernachrichten.de\/index.php?rest_route=%2Fwp%2Fv2%2Ftags&post=138412"}],"curies":[{"name":"wp","href":"https:\/\/api.w.org\/{rel}","templated":true}]}}