{"id":138404,"date":"2015-05-09T09:54:21","date_gmt":"2015-05-09T07:54:21","guid":{"rendered":"http:\/\/www.fuldaer-nachrichten.de\/?p=138404"},"modified":"2015-05-09T09:54:21","modified_gmt":"2015-05-09T07:54:21","slug":"jugendbildungswerk-des-landkreises-fulda-hat-noch-einige-restplaetze-fuer-berlinfahrt-und-action-in-den-alpen-frei","status":"publish","type":"post","link":"https:\/\/www.fuldaernachrichten.de\/?p=138404","title":{"rendered":"Jugendbildungswerk des Landkreises Fulda hat noch einige Restpl\u00e4tze f\u00fcr Berlinfahrt und Action in den Alpen frei"},"content":{"rendered":"<p>Das Jugendbildungswerk des Landkreises Fulda l\u00e4dt \u00fcber Pfingsten und das verl\u00e4ngerte Wochenende an Fronleichnam zu zwei Veranstaltungen f\u00fcr Jugendliche zwischen 15 und 17 Jahren ein. Vom 22. bis 25. Mai geht es in die Bundeshauptstadt Berlin. Die Teilnahmegeb\u00fchr einschlie\u00dflich Fahrtkosten, Unterkunft mit Fr\u00fchst\u00fcck und Imbiss sowie Eintrittsgelder betr\u00e4gt 149 Euro. Alpines Wandern und Klettern ist vom 4. Juni bis 7. Juni in Oberstdorf und im Kleinwalsertal angesagt. Auch hier liegt die Teilnahmegeb\u00fchr einschlie\u00dflich Fahrtkosten, Unterkunft und Verpflegung sowie Guide bei 149 Euro. Anfragen an Telefon (0661)6006-498 oder -427, E-Mail jugend@landkreis-fulda.de. Weitere Infos und Online-Anmeldungen unter www.landkreis-fulda.de.<\/p>\n","protected":false},"excerpt":{"rendered":"<div class=\"tmnf_excerpt\"><p>Das Jugendbildungswerk des Landkreises Fulda l\u00e4dt \u00fcber Pfingsten und das verl\u00e4ngerte Wochenende an Fronleichnam zu zwei Veranstaltungen f\u00fcr Jugendliche zwischen 15 und 17 Jahren ein. Vom 22. bis 25. Mai geht es in die Bundeshauptstadt Berlin. Die Teilnahmegeb\u00fchr einschlie\u00dflich Fahrtkosten, Unterkunft mit Fr\u00fchst\u00fcck und Imbiss sowie Eintrittsgelder betr\u00e4gt 149 Euro. Alpines Wandern und Klettern ist &hellip;<\/p>\n<\/div>","protected":false},"author":1,"featured_media":0,"comment_status":"closed","ping_status":"closed","sticky":false,"template":"","format":"standard","meta":{"footnotes":""},"categories":[1,53,72],"tags":[],"class_list":["post-138404","post","type-post","status-publish","format-standard","hentry","category-startseite","category-bildung","category-jugend"],"_links":{"self":[{"href":"https:\/\/www.fuldaernachrichten.de\/index.php?rest_route=\/wp\/v2\/posts\/138404","targetHints":{"allow":["GET"]}}],"collection":[{"href":"https:\/\/www.fuldaernachrichten.de\/index.php?rest_route=\/wp\/v2\/posts"}],"about":[{"href":"https:\/\/www.fuldaernachrichten.de\/index.php?rest_route=\/wp\/v2\/types\/post"}],"author":[{"embeddable":true,"href":"https:\/\/www.fuldaernachrichten.de\/index.php?rest_route=\/wp\/v2\/users\/1"}],"replies":[{"embeddable":true,"href":"https:\/\/www.fuldaernachrichten.de\/index.php?rest_route=%2Fwp%2Fv2%2Fcomments&post=138404"}],"version-history":[{"count":1,"href":"https:\/\/www.fuldaernachrichten.de\/index.php?rest_route=\/wp\/v2\/posts\/138404\/revisions"}],"predecessor-version":[{"id":138409,"href":"https:\/\/www.fuldaernachrichten.de\/index.php?rest_route=\/wp\/v2\/posts\/138404\/revisions\/138409"}],"wp:attachment":[{"href":"https:\/\/www.fuldaernachrichten.de\/index.php?rest_route=%2Fwp%2Fv2%2Fmedia&parent=138404"}],"wp:term":[{"taxonomy":"category","embeddable":true,"href":"https:\/\/www.fuldaernachrichten.de\/index.php?rest_route=%2Fwp%2Fv2%2Fcategories&post=138404"},{"taxonomy":"post_tag","embeddable":true,"href":"https:\/\/www.fuldaernachrichten.de\/index.php?rest_route=%2Fwp%2Fv2%2Ftags&post=138404"}],"curies":[{"name":"wp","href":"https:\/\/api.w.org\/{rel}","templated":true}]}}