{"id":138403,"date":"2015-05-09T09:54:03","date_gmt":"2015-05-09T07:54:03","guid":{"rendered":"http:\/\/www.fuldaer-nachrichten.de\/?p=138403"},"modified":"2015-05-09T09:54:03","modified_gmt":"2015-05-09T07:54:03","slug":"die-investitionen-haben-sich-jetzt-schon-gelohnt","status":"publish","type":"post","link":"https:\/\/www.fuldaernachrichten.de\/?p=138403","title":{"rendered":"\u201eDie Investitionen haben sich jetzt schon gelohnt\u201c"},"content":{"rendered":"<p><a href=\"http:\/\/www.fuldaer-nachrichten.de\/wp-content\/uploads\/2015\/05\/RSE-Jubil\u00e4um-1.jpg\"><img decoding=\"async\" class=\"alignleft size-medium wp-image-138406\" src=\"http:\/\/www.fuldaer-nachrichten.de\/wp-content\/uploads\/2015\/05\/RSE-Jubil\u00e4um-1-265x177.jpg\" alt=\"RSE Jubil\u00e4um 1\" width=\"265\" height=\"177\" \/><\/a>Dem Fachkr\u00e4ftemangel aktiv entgegenwirken \u2013 das ist das Credo der RSE solutions GmbH. Anl\u00e4sslich ihres einj\u00e4hrigen Bestehens lud die R+S-Gesellschaft zu einer Feier nach Eichenzell ein. RSE-Gesch\u00e4ftsfu\u00cc\u02c6hrer Matthias Predojevic begru\u00cc\u02c6\u00dfte rund 160 G\u00e4ste und hob hervor: \u201eUnser Projekt, gezielt und nachhaltig Mangelberufe in Deutschland durch serbische Fachkr\u00e4fte zu ersetzen, wird in Deutschland wie Serbien begeistert aufgenommen.\u201c<\/p>\n<p>Nach nur einem Jahr feiert das im Mai 2014 gegru\u00cc\u02c6ndete Unternehmen bereits beachtliche Erfolge: 140 serbische Mitarbeiter haben seither ihre Arbeit in Deutschland aufgenommen \u2013 anerkannter Facharbeiterstatus inklusive. \u201eDie Investitionen haben sich jetzt schon gelohnt. Bis Ende des Jahres 2015 werden es 170 neue Facharbeiter sein\u201c, ist R+S-Vorstandsvorsitzender Markus R\u00f6hner glu\u00cc\u02c6cklich u\u00cc\u02c6ber die positive Bilanz. \u201eDas mit viel Energie aufgebaute, langfristig konzipierte Projekt in Serbien tr\u00e4gt \u2013 fru\u00cc\u02c6her als gedacht \u2013 tolle Fru\u00cc\u02c6chte.\u201c<\/p>\n<p>Um dem Mangel an Fachkr\u00e4ften in Deutschland entgegenzuwirken, hat R+S seit 2013 Serbien im Blick: Zusammen mit dem serbischen Energieversorger Energotehnika Juzna Backa wurde eine Kooperationsvereinbarung getroffen und im vergangenen Jahr die gemeinsame Gesellschaft RSE solutions GmbH gegru\u00cc\u02c6ndet.<\/p>\n<p><a href=\"http:\/\/www.fuldaer-nachrichten.de\/wp-content\/uploads\/2015\/05\/RSE-Jubil\u00e4um-2.jpg\"><img decoding=\"async\" class=\"alignleft size-medium wp-image-138407\" src=\"http:\/\/www.fuldaer-nachrichten.de\/wp-content\/uploads\/2015\/05\/RSE-Jubil\u00e4um-2-265x177.jpg\" alt=\"RSE Jubil\u00e4um 2\" width=\"265\" height=\"177\" \/><\/a>Deren umfangreiches Integrationsmanagement \u2013 mit dem Menschen im Mittelpunkt \u2013 erl\u00e4utert R+S-Personalvorstand Susanne Hahn: \u201eWir lassen die serbischen Mitarbeiter auch nach dem erfolgreichen Neustart auf dem deutschen Arbeitsmarkt nicht alleine. Vielmehr unterstu\u00cc\u02c6tzen wir bei der Wohnungssuche oder begleiten bei s\u00e4mtlichen Beh\u00f6rdeng\u00e4ngen, von der Anmeldung im Einwohnermeldeamt u\u00cc\u02c6ber das Beantragen eines Telefonanschlusses bis zum Erlangen des EU-Fu\u00cc\u02c6hrerscheins, der nach sp\u00e4testens sechs Monaten hierzulande n\u00f6tig wird.\u201c Auch am Wochenende seien die lokalen \u201eKu\u00cc\u02c6mmerer\u201c stets zur Stelle, \u201ezum Beispiel fu\u00cc\u02c6r gemeinsame sportliche Aktivit\u00e4ten oder einfach, um sich auszutauschen\u201c. Auch die Miete der ersten sechs Monate werde komplett durch R+S getragen.<\/p>\n<p>Auf ihren Start in Deutschland intensiv vorbereitet werden die neuen R+S-Mitarbeiter bereits im serbischen Schulungszentrum Novi Sad. \u201eNeben guten Sprachkenntnissen sind auch die deutschen Standards im jeweiligen Beruf wichtig, um den Kollegen die Einarbeitung zu erleichtern und die sogenannte Gleichwertigkeit der beruflichen Ausbildung zu erhalten\u201c, sagt Michael Jakob von der R+S-Akademie, die die Weiterbildung in Deutschland fortfu\u00cc\u02c6hrt.<\/p>\n<p>Tatkr\u00e4ftige Unterstu\u00cc\u02c6tzung fu\u00cc\u02c6r \u201evorbildliches Projekt\u201c<br \/>\nDie Qualifikation eines jeden ausl\u00e4ndischen Facharbeiters wird von der Handwerkskammer Kassel gepru\u00cc\u02c6ft. Fu\u00cc\u02c6r Nicht-EU-Arbeitnehmer wie Kr\u00e4fte aus Serbien gibt es in Deutschland viele zus\u00e4tzliche Hu\u00cc\u02c6rden \u2013 aber auch tatkr\u00e4ftige Unterstu\u00cc\u02c6tzung. Zum Beispiel von Manfred Schu\u00cc\u02c6ler, Gesch\u00e4ftsfu\u00cc\u02c6hrer der Kreishandwerkerschaft Fulda, der das Konzept von R+S als \u201ebeispielhaft und vorbildlich\u201c bewertet. Gerade die lokalen \u201eKu\u00cc\u02c6mmerer\u201c seien sehr hilfreich. \u201eEs gibt keinen K\u00f6nigsweg, den Facharbeitermangel auszugleichen. Man muss viele Wege gehen, darf keinen auslassen\u201c, meint Schu\u00cc\u02c6ler.<br \/>\n\u201eDer Weg, den R+S geht, ist ein guter Weg.\u201c<br \/>\nWaldemar Dombrowski, Leiter der Agentur fu\u00cc\u02c6r Arbeit Bad Hersfeld-Fulda, begru\u00cc\u02c6\u00dft das Engagement von R+S in Serbien ebenfalls sehr. \u201eDas Projekt ist von A bis Z gut durchdacht \u2013 und notwendig fu\u00cc\u02c6r die Region.\u201c Dombrowski spricht von einem \u201eklugen Projektmanagement in Serbien \u2013 aber auch die Betreuung hier vor Ort ist einzigartig. Ich bin sehr zuversichtlich, dass dieses Projekt langfristig erfolgreich ist.\u201c<\/p>\n<p>Serbische Familien willkommen<br \/>\nKu\u00cc\u02c6nftig sollen jeweils weitere 40 serbische Fachkr\u00e4fte pro Halbjahr zuerst in Serbien, dann in der Fuldaer R+S-Akademie geschult werden, um daraufhin die Anerkennung nach deutschem Recht zu erhalten: Elektriker wie Techniker, Monteure, Bauleiter, Projektleiter oder auch Ingenieure. Aktuell bereitet RSE eine Gruppe Schwachstromtechniker auf deutsche Baustellen vor. \u201eUnd wir freuen uns, wenn nicht nur die serbischen Fachkr\u00e4fte, sondern auch deren Familien langfristig hierher u\u00cc\u02c6bersiedeln. Darin unterstu\u00cc\u02c6tzen wir jeden einzelnen nach Kr\u00e4ften\u201c, unterstreicht Markus R\u00f6hner.<\/p>\n<p>Die ersten serbischen Mitarbeiter, die nun fest bei R+S besch\u00e4ftigt sind, feierten in Eichenzell natu\u00cc\u02c6rlich bereits mit \u2013 mit serbischer Live-Musik kam su\u00cc\u02c6deurop\u00e4isches Flair nach Osthessen. RSE-Gesch\u00e4ftsfu\u00cc\u02c6hrer Matthias Predojevic dankte allen, die sich bislang fu\u00cc\u02c6r die Gesellschaft RSE eingesetzt hatten \u2013 und den neuen Mitarbeitern fu\u00cc\u02c6r ihren tatkr\u00e4ftigen Einsatz auf den Baustellen: \u201eAuf unseren gemeinsamen Erfolg sto\u00dfen wir sehr gerne an!\u201c<\/p>\n","protected":false},"excerpt":{"rendered":"<div class=\"tmnf_excerpt\"><p>Dem Fachkr\u00e4ftemangel aktiv entgegenwirken \u2013 das ist das Credo der RSE solutions GmbH. Anl\u00e4sslich ihres einj\u00e4hrigen Bestehens lud die R+S-Gesellschaft zu einer Feier nach Eichenzell ein. RSE-Gesch\u00e4ftsfu\u00cc\u02c6hrer Matthias Predojevic begru\u00cc\u02c6\u00dfte rund 160 G\u00e4ste und hob hervor: \u201eUnser Projekt, gezielt und nachhaltig Mangelberufe in Deutschland durch serbische Fachkr\u00e4fte zu ersetzen, wird in Deutschland wie Serbien begeistert &hellip;<\/p>\n<\/div>","protected":false},"author":1,"featured_media":138405,"comment_status":"closed","ping_status":"closed","sticky":false,"template":"","format":"standard","meta":{"footnotes":""},"categories":[1],"tags":[],"class_list":["post-138403","post","type-post","status-publish","format-standard","has-post-thumbnail","hentry","category-startseite"],"_links":{"self":[{"href":"https:\/\/www.fuldaernachrichten.de\/index.php?rest_route=\/wp\/v2\/posts\/138403","targetHints":{"allow":["GET"]}}],"collection":[{"href":"https:\/\/www.fuldaernachrichten.de\/index.php?rest_route=\/wp\/v2\/posts"}],"about":[{"href":"https:\/\/www.fuldaernachrichten.de\/index.php?rest_route=\/wp\/v2\/types\/post"}],"author":[{"embeddable":true,"href":"https:\/\/www.fuldaernachrichten.de\/index.php?rest_route=\/wp\/v2\/users\/1"}],"replies":[{"embeddable":true,"href":"https:\/\/www.fuldaernachrichten.de\/index.php?rest_route=%2Fwp%2Fv2%2Fcomments&post=138403"}],"version-history":[{"count":1,"href":"https:\/\/www.fuldaernachrichten.de\/index.php?rest_route=\/wp\/v2\/posts\/138403\/revisions"}],"predecessor-version":[{"id":138408,"href":"https:\/\/www.fuldaernachrichten.de\/index.php?rest_route=\/wp\/v2\/posts\/138403\/revisions\/138408"}],"wp:featuredmedia":[{"embeddable":true,"href":"https:\/\/www.fuldaernachrichten.de\/index.php?rest_route=\/wp\/v2\/media\/138405"}],"wp:attachment":[{"href":"https:\/\/www.fuldaernachrichten.de\/index.php?rest_route=%2Fwp%2Fv2%2Fmedia&parent=138403"}],"wp:term":[{"taxonomy":"category","embeddable":true,"href":"https:\/\/www.fuldaernachrichten.de\/index.php?rest_route=%2Fwp%2Fv2%2Fcategories&post=138403"},{"taxonomy":"post_tag","embeddable":true,"href":"https:\/\/www.fuldaernachrichten.de\/index.php?rest_route=%2Fwp%2Fv2%2Ftags&post=138403"}],"curies":[{"name":"wp","href":"https:\/\/api.w.org\/{rel}","templated":true}]}}