{"id":138393,"date":"2015-05-08T17:36:34","date_gmt":"2015-05-08T15:36:34","guid":{"rendered":"http:\/\/www.fuldaer-nachrichten.de\/?p=138393"},"modified":"2015-05-08T17:36:34","modified_gmt":"2015-05-08T15:36:34","slug":"audi-q5-hybrid-fuer-hochvolt-kurse-im-bbz-mitte","status":"publish","type":"post","link":"https:\/\/www.fuldaernachrichten.de\/?p=138393","title":{"rendered":"Audi Q5 hybrid f\u00fcr \u201eHochvolt\u201c-Kurse im BBZ Mitte"},"content":{"rendered":"<p>\u201eJetzt sind wir f\u00fcr unsere Hochvolt-Kurse noch besser ausgestattet\u201c, freut sich Matthias Auth. Der Kfz-Ausbilder des BBZ Mitte nahm k\u00fcrzlich mit seinem Team ein neues Schulungsfahrzeug \u2013 einen Audi Q5 hybrid \u2013 entgegen.<\/p>\n<p>Das Auto wird ab sofort in den Schulungen f\u00fcr Hochvoltfahrzeuge eingesetzt. \u201eAngesichts der Vielzahl an technischen Komponenten bei Hybrid- und Elektrofahrzeugen ist von Kfz-Service-Mitarbeitern ein hohes Ma\u00df an Fachwissen gefragt. In unserem Lehrgang vermitteln wir die Funktionsweisen technischer Bestandteile und das hochkomplexe Zusammenspiel von Verbrennungs- und Elektromaschine. Unser neues Schulungsfahrzeug bietet den Vorteil, dass unsere Teilnehmer die theoretischen Inhalte direkt in die Praxis umsetzen k\u00f6nnen.\u201c<\/p>\n<p>Sogenannte Hochvolt-Fahrzeuge \u2013 Elektro-, Hybrid- oder auch Brennstoffzellenfahrzeuge \u2013 fallen in der Regel in einen Spannungsbereich, der \u00fcber 30 Volt Wechselstrom (AC) bzw. 60 Volt Gleichstrom (DC). liegt. Ab diesem Bereich d\u00fcrfen Arbeiten nur von ausgebildeten Fachkundigen bzw. Unterwiesenen Personen ausgef\u00fchrt werden. Die notwendigen Qualifikationen werden in den Schulungen im BBZ Mitte vermittelt. Dar\u00fcber hinaus ist der Bildungsanbieter seit f\u00fcnf Jahren anerkannte Ausbildungsstelle f\u00fcr Hochvolttechnik des Bundesinnungsverbands des Deutschen Kfz-Gewerbes.<br \/>\nwww.bbz-mitte.de<\/p>\n<p>Zum Bild 1: In der Kfz-Werkstatt des BBZ Mitte: Die Lehrgangsteilnehmer Ulrich S\u00f6gding und Matthias Heidemann mit Ausbilder Matthias Auth (von links) und dem neuen Audi Q5 hybrid<\/p>\n","protected":false},"excerpt":{"rendered":"<div class=\"tmnf_excerpt\"><p>\u201eJetzt sind wir f\u00fcr unsere Hochvolt-Kurse noch besser ausgestattet\u201c, freut sich Matthias Auth. Der Kfz-Ausbilder des BBZ Mitte nahm k\u00fcrzlich mit seinem Team ein neues Schulungsfahrzeug \u2013 einen Audi Q5 hybrid \u2013 entgegen. Das Auto wird ab sofort in den Schulungen f\u00fcr Hochvoltfahrzeuge eingesetzt. \u201eAngesichts der Vielzahl an technischen Komponenten bei Hybrid- und Elektrofahrzeugen ist &hellip;<\/p>\n<\/div>","protected":false},"author":1,"featured_media":138395,"comment_status":"closed","ping_status":"closed","sticky":false,"template":"","format":"standard","meta":{"footnotes":""},"categories":[1,53],"tags":[],"class_list":["post-138393","post","type-post","status-publish","format-standard","has-post-thumbnail","hentry","category-startseite","category-bildung"],"_links":{"self":[{"href":"https:\/\/www.fuldaernachrichten.de\/index.php?rest_route=\/wp\/v2\/posts\/138393","targetHints":{"allow":["GET"]}}],"collection":[{"href":"https:\/\/www.fuldaernachrichten.de\/index.php?rest_route=\/wp\/v2\/posts"}],"about":[{"href":"https:\/\/www.fuldaernachrichten.de\/index.php?rest_route=\/wp\/v2\/types\/post"}],"author":[{"embeddable":true,"href":"https:\/\/www.fuldaernachrichten.de\/index.php?rest_route=\/wp\/v2\/users\/1"}],"replies":[{"embeddable":true,"href":"https:\/\/www.fuldaernachrichten.de\/index.php?rest_route=%2Fwp%2Fv2%2Fcomments&post=138393"}],"version-history":[{"count":1,"href":"https:\/\/www.fuldaernachrichten.de\/index.php?rest_route=\/wp\/v2\/posts\/138393\/revisions"}],"predecessor-version":[{"id":138396,"href":"https:\/\/www.fuldaernachrichten.de\/index.php?rest_route=\/wp\/v2\/posts\/138393\/revisions\/138396"}],"wp:featuredmedia":[{"embeddable":true,"href":"https:\/\/www.fuldaernachrichten.de\/index.php?rest_route=\/wp\/v2\/media\/138395"}],"wp:attachment":[{"href":"https:\/\/www.fuldaernachrichten.de\/index.php?rest_route=%2Fwp%2Fv2%2Fmedia&parent=138393"}],"wp:term":[{"taxonomy":"category","embeddable":true,"href":"https:\/\/www.fuldaernachrichten.de\/index.php?rest_route=%2Fwp%2Fv2%2Fcategories&post=138393"},{"taxonomy":"post_tag","embeddable":true,"href":"https:\/\/www.fuldaernachrichten.de\/index.php?rest_route=%2Fwp%2Fv2%2Ftags&post=138393"}],"curies":[{"name":"wp","href":"https:\/\/api.w.org\/{rel}","templated":true}]}}