{"id":138390,"date":"2015-05-08T17:35:41","date_gmt":"2015-05-08T15:35:41","guid":{"rendered":"http:\/\/www.fuldaer-nachrichten.de\/?p=138390"},"modified":"2015-05-08T17:35:41","modified_gmt":"2015-05-08T15:35:41","slug":"die-bilanz-der-15-rettmobil-2015-ueber-23-000-besucher-pilgerten-ins-zentrum-des-rettungswesens","status":"publish","type":"post","link":"https:\/\/www.fuldaernachrichten.de\/?p=138390","title":{"rendered":"Die Bilanz der 15. RETTmobil 2015: \u00dcber 23 000 Besucher pilgerten ins Zentrum des Rettungswesens"},"content":{"rendered":"<p>Mit einem au\u00dferordentlich guten Ergebnis hat die 15. RETTmobil 2015 vom 6. bis 8. Mai in Fulda abgeschlossen. 23 248 Besucherinnen und Besucher\u00c2\u00a0 aus aller Welt best\u00e4tigten die\u00c2\u00a0 globale Bedeutung der Internationalen Leitmesse f\u00fcr Rettung und Mobilit\u00e4t, die dramatische Aktualit\u00e4t hatte. Hoch zufrieden sind alle: das Publikum, die Aussteller und die f\u00fcr die einmalige Leistungsschau Verantwortlichen.<\/p>\n<p>Auch beim kleinen Jubil\u00e4um best\u00e4tigte die RETTmobil ihren Ruf als Ausstellung der Superlative im Zentrum des Rettungswesens, das Fulda drei Tage lang war.\u00c2\u00a0 Die Messe in Zahlen:\u00c2\u00a0 \u00dcber 470 Aussteller aus 19 Nationen pr\u00e4sentierten sich auf dem \u00fcber 70 000 Quadratmeter gro\u00dfen Gel\u00e4nde mit 19 Hallen und einem gro\u00dfen Freigel\u00e4nde. Die Ausstellung dokumentiert den hohen Standard der technischen und medizinischen Ausstattung des international vorbildlichen Rettungswesens in Deutschland.<\/p>\n<p>Der gr\u00f6\u00dfte Ansturm auf das Branchenereignis wurde am Donnerstag\u00c2\u00a0 mit 8987 Besucherinnen und Besucher registriert. Am Mittwoch waren es 7250, am letzten Tag 7011\u00c2\u00a0 gewesen. Das bedeutet gegen\u00fcber dem Jahr 2014 mit seinem Rekord von 25 250 Fachbesuchern einen geringf\u00fcgigen R\u00fcckgang.<\/p>\n<p>\u201eGut bis sehr gut\u201c<br \/>\n\u00dcber das einhellige Lob f\u00fcr das weltweit wichtigste Forums f\u00fcr Innovation, Sicherheit, Qualit\u00e4t, Kompetenz und Weiterbildung freut sich besonders Manfred Hommel, Vorsitzender der Interessengemeinschaft der Hersteller von Kranken- und Rettungsfahrzeugen (IKR), des\u00c2\u00a0 ideellen Tr\u00e4gers der Leistungsschau. In diesem Jahr sei das Resultat der repr\u00e4sentativen Umfrage bei der 14. RETTmobil 2014 beglaubigt worden. 88 Prozent der Befragten hatten in ihrem Gesamturteil die Messe mit gut bis sehr gut bewertet.<\/p>\n<p>Auf die dramatische Aktualit\u00e4t der 15. RETTmobil wiesen auch Petra Dehler-Udolph und Dieter Udolph hin, Gesch\u00e4ftsf\u00fchrer der Messe Fulda GmbH, zust\u00e4ndig f\u00fcr Planung, Vorbereitung und Durchf\u00fchrung der solit\u00e4ren Leistungsschau.\u00c2\u00a0 Als Beispiele nannten sie die Flugzeugkatastrophe in den Alpen, die Fl\u00fcchtlingsdramen im Mittelmeer und das Erdbeben in Nepal. In solchen Gro\u00dfschadensf\u00e4llen sei das Zusammenspiel der verschiedenen Rettungsorganisationen von enormer Bedeutung. Unter diesem Gesichtspunkt leiste die RETTmobil hervorragende Vorarbeit. In diesem Zusammenhang w\u00fcrdigte Hommel die beispielshafte, zusammenf\u00fchrende Funktion der Bundesanstalt Technisches Hilfswerk w\u00e4hrend der Messe. Auch die Bundeswehr habe sich hervorragend pr\u00e4sentiert, ebenso wie der Malteser Hilfsdienst mit seiner ausgezeichneten Nachwuchsarbeit.<\/p>\n<p>Beste Perspektiven<br \/>\nAusgesprochen positiv war auch in diesem Jahr die Resonanz der Aussteller wegen des gro\u00dfen Besucherinteresses, der reibungslose Organisation und des zentralen Standorts. IKR-Vorsitzender Hommel berichtete, dass w\u00e4hrend der Messe viele Gesch\u00e4fte nicht nur angebahnt, sondern auch abgeschlossen worden seien. Au\u00dferdem seien hervorragende Kontakte auf internationaler Ebene zustande gekommen, speziell mit Anbietern aus dem asiatischen und arabischen Raum. Diese Tatsachen er\u00f6ffneten der RETTmobil ausgezeichnete Perspektiven f\u00fcr die Zukunft am Standort Fulda mindestens bis zum Jahr 2020. Das bedeute Planungssicherheit f\u00fcr alle Beteiligten.<\/p>\n<p>Bew\u00e4hrt haben sich wieder das hochkar\u00e4tige Rahmenprogramm mit den\u00c2\u00a0 gut besuchten Vortr\u00e4gen\u00c2\u00a0 auf dem Messeforum sowie die Seminare und Workshops der medizinisch-rettungsdienstlichen Veranstaltungen. Verantwortlich war Professor Dr. Peter Sefrin, wissenschaftlicher Leiter des Bereichs Fortbildung.<\/p>\n<p>Medien aus aller Welt<br \/>\nMit sehr gro\u00dfem\u00c2\u00a0 Interesse wurde die RETTmobil von der lokalen, regionalen und internationalen Medien und der Fachpresse begleitet. \u00dcber 50 Journalisten aus allen Teilnehmerl\u00e4ndern\u00c2\u00a0 waren akkreditiert.<\/p>\n<p>Nat\u00fcrlich sind auch die Messemacher Petra Dehler-Udolph und Dieter Udolph\u00c2\u00a0\u00c2\u00a0 stolz auf den Erfolg der 15. RETTmobil, der auf einer konzentrierten einj\u00e4hrigen Vorbereitungszeit gr\u00fcnde. Die Zukunft habe bereits begonnen. \u00dcber 50 Prozent der Aussteller h\u00e4tten schon f\u00fcr die 16. RETTmobil angefragt, reserviert oder gebucht deren Vorbereitung bereits laufe. Die IKR f\u00fchre Gespr\u00e4che mit der Deutschen Roten Kreuz wegen der Schirmherrschaft \u00fcber die Messe im kommenden Jahr.<br \/>\nDie 16. RETTmobil findet vom 11. bis zum 13. Mai 2016 auf der Messe Galerie in Fulda statt.<\/p>\n","protected":false},"excerpt":{"rendered":"<div class=\"tmnf_excerpt\"><p>Mit einem au\u00dferordentlich guten Ergebnis hat die 15. RETTmobil 2015 vom 6. bis 8. Mai in Fulda abgeschlossen. 23 248 Besucherinnen und Besucher\u00c2\u00a0 aus aller Welt best\u00e4tigten die\u00c2\u00a0 globale Bedeutung der Internationalen Leitmesse f\u00fcr Rettung und Mobilit\u00e4t, die dramatische Aktualit\u00e4t hatte. Hoch zufrieden sind alle: das Publikum, die Aussteller und die f\u00fcr die einmalige Leistungsschau &hellip;<\/p>\n<\/div>","protected":false},"author":1,"featured_media":0,"comment_status":"closed","ping_status":"closed","sticky":false,"template":"","format":"standard","meta":{"footnotes":""},"categories":[1,71],"tags":[],"class_list":["post-138390","post","type-post","status-publish","format-standard","hentry","category-startseite","category-feuerwehr"],"_links":{"self":[{"href":"https:\/\/www.fuldaernachrichten.de\/index.php?rest_route=\/wp\/v2\/posts\/138390","targetHints":{"allow":["GET"]}}],"collection":[{"href":"https:\/\/www.fuldaernachrichten.de\/index.php?rest_route=\/wp\/v2\/posts"}],"about":[{"href":"https:\/\/www.fuldaernachrichten.de\/index.php?rest_route=\/wp\/v2\/types\/post"}],"author":[{"embeddable":true,"href":"https:\/\/www.fuldaernachrichten.de\/index.php?rest_route=\/wp\/v2\/users\/1"}],"replies":[{"embeddable":true,"href":"https:\/\/www.fuldaernachrichten.de\/index.php?rest_route=%2Fwp%2Fv2%2Fcomments&post=138390"}],"version-history":[{"count":1,"href":"https:\/\/www.fuldaernachrichten.de\/index.php?rest_route=\/wp\/v2\/posts\/138390\/revisions"}],"predecessor-version":[{"id":138392,"href":"https:\/\/www.fuldaernachrichten.de\/index.php?rest_route=\/wp\/v2\/posts\/138390\/revisions\/138392"}],"wp:attachment":[{"href":"https:\/\/www.fuldaernachrichten.de\/index.php?rest_route=%2Fwp%2Fv2%2Fmedia&parent=138390"}],"wp:term":[{"taxonomy":"category","embeddable":true,"href":"https:\/\/www.fuldaernachrichten.de\/index.php?rest_route=%2Fwp%2Fv2%2Fcategories&post=138390"},{"taxonomy":"post_tag","embeddable":true,"href":"https:\/\/www.fuldaernachrichten.de\/index.php?rest_route=%2Fwp%2Fv2%2Ftags&post=138390"}],"curies":[{"name":"wp","href":"https:\/\/api.w.org\/{rel}","templated":true}]}}