{"id":138388,"date":"2015-05-08T17:35:04","date_gmt":"2015-05-08T15:35:04","guid":{"rendered":"http:\/\/www.fuldaer-nachrichten.de\/?p=138388"},"modified":"2015-05-08T17:35:04","modified_gmt":"2015-05-08T15:35:04","slug":"mit-kindergartenpflicht-und-ganztagsschulen-zu-erfolgreicher-integration","status":"publish","type":"post","link":"https:\/\/www.fuldaernachrichten.de\/?p=138388","title":{"rendered":"Mit Kindergartenpflicht und Ganztagsschulen zu erfolgreicher Integration"},"content":{"rendered":"<p>\u201eEinwanderung und Integration &#8211; keine Welt f\u00fcr Spr\u00fcche, sondern harte Arbeit\u201c \u2013 unter diesem Titel\u00c2\u00a0 stand die 67. Jahreshauptversammlung des Arbeitgeberverbandes Osthessen. Gastreferent war der ehemalige B\u00fcrgermeister von Berlin-Neuk\u00f6lln, Heinz Buschowsky, der vor 250 geladenen G\u00e4sten \u00fcber die gesellschaftlichen Herausforderungen mit Migranten berichtete und L\u00f6sungsans\u00e4tze f\u00fcr eine bessere Integrationspolitik pr\u00e4sentierte.<\/p>\n<p>Im Vorfeld hatte Bernhard Juchheim das Thema Einwanderung aus Unternehmersicht beleuchtet. Der Vorsitzende des Arbeitgeberverbandes Osthessen betonte, dass bereits in zehn Jahren mehr Menschen aus dem Berufsleben ausscheiden als nachr\u00fccken w\u00fcrden. \u201eWenn Unternehmen ihren Personalbedarf nicht decken k\u00f6nnen, droht ihnen ein Wettbewerbsverlust.\u201c Eine bessere Organisation der Zuwanderung und eine \u201egelebte Willkommenskultur\u201c seien daher sinnvolle Instrumente, um ausl\u00e4ndische Fachkr\u00e4fte f\u00fcr die regionalen Unternehmen gewinnen zu k\u00f6nnen. Wenngleich es in Deutschland derzeit 2,9 Millionen Arbeitslose gebe, k\u00f6nnten diese Menschen dem Fachkr\u00e4ftemangel nicht entgegenwirken. \u201eViele stehen kurz vor dem Rentenalter oder k\u00f6nnen aus gesundheitlichen Gr\u00fcnden nicht arbeiten.\u201c\u00c2\u00a0 Zudem seien 75 Prozent der Erwerbslosen sogar schwer vermittelbar. F\u00fcr Juchheim steht daher fest: \u201eWir sind auf Migranten angewiesen.\u201c<\/p>\n<p>Dass Deutschland ein Einwanderungsland sei, stellte Heinz Buschkowsky zu Beginn seiner Rede klar: \u201eSie m\u00fcssen nur auf die Stra\u00dfe gehen, um zu sehen, dass es dort nicht nur blonde Z\u00f6pfe und wei\u00dfe Kniestr\u00fcmpfe gibt.\u201c Vor dem Hintergrund, dass mittlerweile 20 Prozent der deutschen Einwohner einen Migrationshintergrund haben, mahnte der SPD-Politiker. \u201eEs gelingt uns noch immer nicht, Einwanderer nach unseren Wertevorstellungen zu integrieren.\u201c Problematisch sei insbesondere die Situation an den Schulen, dabei berichtete der 66-J\u00e4hrige von seinen pers\u00f6nlichen Erfahrungen als Neuk\u00f6llner B\u00fcrgermeister. 50 Prozent der Migrantenkinder k\u00f6nnten bei Eintritt in die 1. Klasse kaum Deutsch und starten ihre schulische Laufbahn mit uneinholbaren Wissensdefiziten \u2013 dies treffe vor allem auf Kinder aus muslimischen Elternh\u00e4usern zu. \u201eDiesen Menschen wird von fr\u00fchester Kindheit an ein System \u00fcbergest\u00fclpt, das nicht den Merkmalen unserer Gesellschaft entspricht.\u201c Als Beispiele f\u00fchrte Buschkowsky das Tragen von Kopft\u00fcchern und die \u00fcberdurchschnittlich hohe Gewaltbereitschaft junger muslimischer M\u00e4nner an.\u00c2\u00a0 Dabei unterstrich der geb\u00fcrtige Neuk\u00f6llner seine bekannte These: \u201eDer Islam geh\u00f6rt nicht zu Deutschland.\u201c Schlie\u00dflich habe diese Religion nichts zur Entwicklung unseres Landes beigetragen. Gleichwohl geh\u00f6ren die mittlerweile rund vier Millionen Muslime zu Deutschland. Um insbesondere junge Migranten erfolgreich in die deutsche Gesellschaft zu integrieren, \u201em\u00fcssen wir uns davon verabschieden, dass unser Bildungssystem das beste der Welt ist.\u201c Buschkowsky sprach sicher daher f\u00fcr eine Kindergartenpflicht und Ganztagsschulen aus, um ausl\u00e4ndischen Kindern fr\u00fchzeitig freiheitliche Werte zu vermitteln.\u00c2\u00a0 \u00e2\u20ac\u00a8Dar\u00fcber hinaus thematisierte der frisch gebackene Pension\u00e4r die aktuelle Fl\u00fcchtlingspolitik und pl\u00e4dierte f\u00fcr eine rasche Integration der Asylbewerber in den Arbeitsmarkt. Gleichwohl gab er zu bedenken, \u201edass diese Arbeitskr\u00e4fte die ersten sind, die bei Auftragsr\u00fcckg\u00e4ngen freigesetzt werden und in den Jobcentern landen.\u201c Wenngleich er kein Patentrezept f\u00fcr den Umgang mit der steigenden Anzahl an Fl\u00fcchtlingen pr\u00e4sentieren konnte, zeigte sich Buschkwosky \u00fcberzeugt, dass Bildung ein wichtiger Schl\u00fcssel zum Erfolg sei. \u201eWir m\u00fcssen die Menschen in unsere Wissensgesellschaft holen und ihnen die n\u00f6tige Unterst\u00fctzung bieten.\u201c<\/p>\n<p>In der verbandsinternen Mitgliederversammlung des Arbeitgeberverbandes stand die turnusm\u00e4\u00dfige Vorstandswahl auf dem Programm, die im Zweijahresrhythmus erfolgt. Neu im Team sind Richard N\u00fcchter, Gesch\u00e4ftsf\u00fchrer der Werner Holding GmbH, Oliver Wehner als Prokurist der Wehner Lebensmittel GmbH und Co. KG und Sebastian Wassermann, Gesch\u00e4ftsf\u00fchrer der Wassermann Technologie GmbH.\u00c2\u00a0 Die scheidenden Vorst\u00e4nde Monika Hau\u00df-Schmid (Werner Schmid GmbH), Wolfgang Wehner (Wehner Lebensmittel) und Reinhold Werner (Werner-Gruppe) wurden zu Ehrenmitgliedern ernannt. Wiedergew\u00e4hlt wurden Alois Fr\u00fcchtl (Sparkasse Fulda), Dr. Stefan Geyler (Mehler AG), Wilhelm Lang (Technolit) und Dr. Stephan Wagner (Fahrzeugteile Wagner).\u00c2\u00a0 Derzeit sind rund 250 Unternehmen aus den Branchen Industrie, Handel und Soziales im Arbeitgeberverband Osthessen organisiert.<\/p>\n<p>Zum Bild: Trafen sich zur 67. Jahreshauptversammlung des Arbeitgeberverbandes Osthessen in der Fuldaer Orangerie: Brigitte Juchheim, Reinhold Werner, Monika Hau\u00df-Schmid, Arbeitgeberverbandsgesch\u00e4ftsf\u00fchrer Manfred Baumann, Wolfgang Wehner, Sebastian Wassermann, Heinz Buschkowsky, Richard N\u00fcchter, Bernhard Juchheim, Stefan Geyler, Dr. Stephan Wagner und Alois Fr\u00fcchtl (von links).<\/p>\n","protected":false},"excerpt":{"rendered":"<div class=\"tmnf_excerpt\"><p>\u201eEinwanderung und Integration &#8211; keine Welt f\u00fcr Spr\u00fcche, sondern harte Arbeit\u201c \u2013 unter diesem Titel\u00c2\u00a0 stand die 67. Jahreshauptversammlung des Arbeitgeberverbandes Osthessen. Gastreferent war der ehemalige B\u00fcrgermeister von Berlin-Neuk\u00f6lln, Heinz Buschowsky, der vor 250 geladenen G\u00e4sten \u00fcber die gesellschaftlichen Herausforderungen mit Migranten berichtete und L\u00f6sungsans\u00e4tze f\u00fcr eine bessere Integrationspolitik pr\u00e4sentierte. Im Vorfeld hatte Bernhard Juchheim &hellip;<\/p>\n<\/div>","protected":false},"author":1,"featured_media":138389,"comment_status":"closed","ping_status":"closed","sticky":false,"template":"","format":"standard","meta":{"footnotes":""},"categories":[1,53,29],"tags":[],"class_list":["post-138388","post","type-post","status-publish","format-standard","has-post-thumbnail","hentry","category-startseite","category-bildung","category-politik"],"_links":{"self":[{"href":"https:\/\/www.fuldaernachrichten.de\/index.php?rest_route=\/wp\/v2\/posts\/138388","targetHints":{"allow":["GET"]}}],"collection":[{"href":"https:\/\/www.fuldaernachrichten.de\/index.php?rest_route=\/wp\/v2\/posts"}],"about":[{"href":"https:\/\/www.fuldaernachrichten.de\/index.php?rest_route=\/wp\/v2\/types\/post"}],"author":[{"embeddable":true,"href":"https:\/\/www.fuldaernachrichten.de\/index.php?rest_route=\/wp\/v2\/users\/1"}],"replies":[{"embeddable":true,"href":"https:\/\/www.fuldaernachrichten.de\/index.php?rest_route=%2Fwp%2Fv2%2Fcomments&post=138388"}],"version-history":[{"count":1,"href":"https:\/\/www.fuldaernachrichten.de\/index.php?rest_route=\/wp\/v2\/posts\/138388\/revisions"}],"predecessor-version":[{"id":138391,"href":"https:\/\/www.fuldaernachrichten.de\/index.php?rest_route=\/wp\/v2\/posts\/138388\/revisions\/138391"}],"wp:featuredmedia":[{"embeddable":true,"href":"https:\/\/www.fuldaernachrichten.de\/index.php?rest_route=\/wp\/v2\/media\/138389"}],"wp:attachment":[{"href":"https:\/\/www.fuldaernachrichten.de\/index.php?rest_route=%2Fwp%2Fv2%2Fmedia&parent=138388"}],"wp:term":[{"taxonomy":"category","embeddable":true,"href":"https:\/\/www.fuldaernachrichten.de\/index.php?rest_route=%2Fwp%2Fv2%2Fcategories&post=138388"},{"taxonomy":"post_tag","embeddable":true,"href":"https:\/\/www.fuldaernachrichten.de\/index.php?rest_route=%2Fwp%2Fv2%2Ftags&post=138388"}],"curies":[{"name":"wp","href":"https:\/\/api.w.org\/{rel}","templated":true}]}}