{"id":138386,"date":"2015-05-08T17:33:50","date_gmt":"2015-05-08T15:33:50","guid":{"rendered":"http:\/\/www.fuldaer-nachrichten.de\/?p=138386"},"modified":"2015-05-08T17:33:50","modified_gmt":"2015-05-08T15:33:50","slug":"justizdrama-im-labyrinth-des-schweigens-fuer-vier-lolas-nominiert","status":"publish","type":"post","link":"https:\/\/www.fuldaernachrichten.de\/?p=138386","title":{"rendered":"Justizdrama \u201eIm Labyrinth des Schweigens\u201c f\u00fcr vier LOLAS nominiert"},"content":{"rendered":"<p>Kunst- und Kulturminister Boris Rhein gratuliert Regisseur Giulio Ricciarelli und dem gesamten Team von\u00c2\u00a0 &#8220;Im Labyrinth des Schweigens&#8221; zu den vier Nominierungen f\u00fcr den Deutschen Filmpreis sowie Hubertus Siegert und dem Team von \u201eBeyond Punishment\u201c f\u00fcr die Filmpreis-Nominierung in der Kategorie bester Dokumentarfilm.<\/p>\n<p>Auch nach 70 Jahren aktuell<\/p>\n<p>Kunst und Kulturminister Boris Rhein: \u201eF\u00fcnf Nominierungen f\u00fcr Filme, die wir in Hessen gef\u00f6rdert haben, ist eine tolle Bilanz. Die Auswahl der Jury belegt einmal mehr, dass wir mit unserer Filmf\u00f6rderung in Hessen auf dem richtigen Weg sind. Ich dr\u00fccke fest die Daumen, dass die von uns gef\u00f6rderten Filme am Ende auch das Rennen machen werden. Insbesondere \u201eIm Labyrinth des Schweigens\u201c hat mich beeindruckt \u2013 das Thema ist heute, 70 Jahre nach Kriegsende und vor allem 70 Jahre nach der Befreiung des Konzentrationslagers Auschwitz aktueller denn je.\u201c<\/p>\n<p>Frankfurter Auschwitzprozesse<\/p>\n<p>Das Justizdrama \u201eIm Labyrinth des Schweigens\u201c erz\u00e4hlt die Vorgeschichte der Frankfurter Auschwitzprozesse und ist in den Kategorien \u201eBester Spielfilm\u201c, \u201eBestes Drehbuch\u201c (Elisabeth Bartel und Giulio Ricciarelli) und \u201eBeste Filmmusik\u201c (Niki Reiser und Sebastian Pille) nominiert. Der 2014 verstorbene Theater- und Filmschauspieler Gert Voss wurde zudem posthum f\u00fcr seine beeindruckende Leistung als Generalstaatsanwalt Fritz Bauer in der Kategorie \u201eBester Nebendarsteller\u201c nominiert.<\/p>\n<p>Die Gewinner des Deutschen Filmpreises werden am 19. Juni w\u00e4hrend einer feierlichen Verleihung in Berlin bekannt gegeben.<\/p>\n","protected":false},"excerpt":{"rendered":"<div class=\"tmnf_excerpt\"><p>Kunst- und Kulturminister Boris Rhein gratuliert Regisseur Giulio Ricciarelli und dem gesamten Team von\u00c2\u00a0 &#8220;Im Labyrinth des Schweigens&#8221; zu den vier Nominierungen f\u00fcr den Deutschen Filmpreis sowie Hubertus Siegert und dem Team von \u201eBeyond Punishment\u201c f\u00fcr die Filmpreis-Nominierung in der Kategorie bester Dokumentarfilm. Auch nach 70 Jahren aktuell Kunst und Kulturminister Boris Rhein: \u201eF\u00fcnf Nominierungen &hellip;<\/p>\n<\/div>","protected":false},"author":1,"featured_media":0,"comment_status":"closed","ping_status":"closed","sticky":false,"template":"","format":"standard","meta":{"footnotes":""},"categories":[29],"tags":[],"class_list":["post-138386","post","type-post","status-publish","format-standard","hentry","category-politik"],"_links":{"self":[{"href":"https:\/\/www.fuldaernachrichten.de\/index.php?rest_route=\/wp\/v2\/posts\/138386","targetHints":{"allow":["GET"]}}],"collection":[{"href":"https:\/\/www.fuldaernachrichten.de\/index.php?rest_route=\/wp\/v2\/posts"}],"about":[{"href":"https:\/\/www.fuldaernachrichten.de\/index.php?rest_route=\/wp\/v2\/types\/post"}],"author":[{"embeddable":true,"href":"https:\/\/www.fuldaernachrichten.de\/index.php?rest_route=\/wp\/v2\/users\/1"}],"replies":[{"embeddable":true,"href":"https:\/\/www.fuldaernachrichten.de\/index.php?rest_route=%2Fwp%2Fv2%2Fcomments&post=138386"}],"version-history":[{"count":1,"href":"https:\/\/www.fuldaernachrichten.de\/index.php?rest_route=\/wp\/v2\/posts\/138386\/revisions"}],"predecessor-version":[{"id":138387,"href":"https:\/\/www.fuldaernachrichten.de\/index.php?rest_route=\/wp\/v2\/posts\/138386\/revisions\/138387"}],"wp:attachment":[{"href":"https:\/\/www.fuldaernachrichten.de\/index.php?rest_route=%2Fwp%2Fv2%2Fmedia&parent=138386"}],"wp:term":[{"taxonomy":"category","embeddable":true,"href":"https:\/\/www.fuldaernachrichten.de\/index.php?rest_route=%2Fwp%2Fv2%2Fcategories&post=138386"},{"taxonomy":"post_tag","embeddable":true,"href":"https:\/\/www.fuldaernachrichten.de\/index.php?rest_route=%2Fwp%2Fv2%2Ftags&post=138386"}],"curies":[{"name":"wp","href":"https:\/\/api.w.org\/{rel}","templated":true}]}}