{"id":138381,"date":"2015-05-08T17:29:56","date_gmt":"2015-05-08T15:29:56","guid":{"rendered":"http:\/\/www.fuldaer-nachrichten.de\/?p=138381"},"modified":"2015-05-08T17:32:53","modified_gmt":"2015-05-08T15:32:53","slug":"gestatten-kultur-17-ausstellung-der-tanner-diakonie","status":"publish","type":"post","link":"https:\/\/www.fuldaernachrichten.de\/?p=138381","title":{"rendered":"Gestatten, Kultur ! 17. Ausstellung der Tanner Diakonie"},"content":{"rendered":"<p>Seit 1999 pr\u00e4sentiert die Tanner Diakonie die Kunstausstellung \u201eGestatten, Kultur !\u201c, bei der Werke von K\u00fcnstlern mit und ohne Beeintr\u00e4chtigungen gezeigt werden. In diesem Jahr ist es dem Kurator Bernd Baldus wieder gelungen, eine interessante Komposition aus Malerei, Fotografien und Skulpturen zusammenzustellen.<\/p>\n<p>Zur Ausstellungser\u00f6ffnung am Sonntag, den 10. Mai 2015 um 14.00 Uhr, l\u00e4dt die Tanner Diakonie herzlich in das Naturmuseum zu Tann ein. F\u00fcr eine musikalische Umrahmung der Vernissage sorgt Frank Tischer. Herr Tischer wird die G\u00e4ste mit seinem Repertoire beeindrucken, w\u00e4hrend Sie sich in beschwingter Atmosph\u00e4re von den Werken der K\u00fcnstler inspirieren lassen. In den folgenden vier Wochen ist die Ausstellung t\u00e4glich au\u00dfer Montag von 10.00 bis 17.00 Uhr zu sehen. Das Naturmuseum zu Tann befindet sich (von Fulda kommend) links hinter dem bekannten Tanner Stadttor. Die Ausstellung \u201eGestatten Kultur !\u201c findet unter j\u00e4hrlich wechselnden Vorzeichen zum 17. Mal in Folge statt und zieht Jahr f\u00fcr Jahr Kunstfreunde aus nah und fern in die Rh\u00f6nstadt.<\/p>\n<p>Ort: Naturmuseum zu Tann, Marktplatz 6, 36142 Tann (Rh\u00f6n)<br \/>\nDatum: 11.05.2014 bis 08.06.2015 t\u00e4glich 10 &#8211; 17 Uhr (au\u00dfer montags)<\/p>\n<p>DIE K\u00dcNSTLER :<\/p>\n<p>Mustapha el Ayachi<br \/>\nBernd Baldus<br \/>\nDieter Baschek<br \/>\nHeinz Grass<br \/>\nRosemarie G\u00fcnther<br \/>\nFrank Hellwig<br \/>\nGertrude H\u00fcbner<br \/>\nEJ Kuhner<br \/>\nSabine Malter<br \/>\nWinfried Traum\u00fcller<br \/>\nHeinz Ullrich<br \/>\nKatja Wieser<\/p>\n","protected":false},"excerpt":{"rendered":"<div class=\"tmnf_excerpt\"><p>Seit 1999 pr\u00e4sentiert die Tanner Diakonie die Kunstausstellung \u201eGestatten, Kultur !\u201c, bei der Werke von K\u00fcnstlern mit und ohne Beeintr\u00e4chtigungen gezeigt werden. In diesem Jahr ist es dem Kurator Bernd Baldus wieder gelungen, eine interessante Komposition aus Malerei, Fotografien und Skulpturen zusammenzustellen. Zur Ausstellungser\u00f6ffnung am Sonntag, den 10. Mai 2015 um 14.00 Uhr, l\u00e4dt die &hellip;<\/p>\n<\/div>","protected":false},"author":1,"featured_media":138383,"comment_status":"closed","ping_status":"closed","sticky":false,"template":"","format":"standard","meta":{"footnotes":""},"categories":[1,44],"tags":[],"class_list":["post-138381","post","type-post","status-publish","format-standard","has-post-thumbnail","hentry","category-startseite","category-kultur"],"_links":{"self":[{"href":"https:\/\/www.fuldaernachrichten.de\/index.php?rest_route=\/wp\/v2\/posts\/138381","targetHints":{"allow":["GET"]}}],"collection":[{"href":"https:\/\/www.fuldaernachrichten.de\/index.php?rest_route=\/wp\/v2\/posts"}],"about":[{"href":"https:\/\/www.fuldaernachrichten.de\/index.php?rest_route=\/wp\/v2\/types\/post"}],"author":[{"embeddable":true,"href":"https:\/\/www.fuldaernachrichten.de\/index.php?rest_route=\/wp\/v2\/users\/1"}],"replies":[{"embeddable":true,"href":"https:\/\/www.fuldaernachrichten.de\/index.php?rest_route=%2Fwp%2Fv2%2Fcomments&post=138381"}],"version-history":[{"count":1,"href":"https:\/\/www.fuldaernachrichten.de\/index.php?rest_route=\/wp\/v2\/posts\/138381\/revisions"}],"predecessor-version":[{"id":138382,"href":"https:\/\/www.fuldaernachrichten.de\/index.php?rest_route=\/wp\/v2\/posts\/138381\/revisions\/138382"}],"wp:featuredmedia":[{"embeddable":true,"href":"https:\/\/www.fuldaernachrichten.de\/index.php?rest_route=\/wp\/v2\/media\/138383"}],"wp:attachment":[{"href":"https:\/\/www.fuldaernachrichten.de\/index.php?rest_route=%2Fwp%2Fv2%2Fmedia&parent=138381"}],"wp:term":[{"taxonomy":"category","embeddable":true,"href":"https:\/\/www.fuldaernachrichten.de\/index.php?rest_route=%2Fwp%2Fv2%2Fcategories&post=138381"},{"taxonomy":"post_tag","embeddable":true,"href":"https:\/\/www.fuldaernachrichten.de\/index.php?rest_route=%2Fwp%2Fv2%2Ftags&post=138381"}],"curies":[{"name":"wp","href":"https:\/\/api.w.org\/{rel}","templated":true}]}}