{"id":13837,"date":"2008-11-14T00:03:51","date_gmt":"2008-11-13T23:03:51","guid":{"rendered":"http:\/\/www.schoene-nachrichten.de\/?p=13837"},"modified":"2008-11-13T15:23:17","modified_gmt":"2008-11-13T14:23:17","slug":"stadt-huenfeld-gewaehrt-zuschuss-zur-weihnachtsbeleuchtung","status":"publish","type":"post","link":"https:\/\/www.fuldaernachrichten.de\/?p=13837","title":{"rendered":"Stadt H\u00fcnfeld gew\u00e4hrt Zuschuss zur Weihnachtsbeleuchtung"},"content":{"rendered":"<p><strong>H\u00fcnfeld.<\/strong> Einen Zuschuss in H\u00f6he von insgesamt 5 326 Euro gew\u00e4hrt die Stadt H\u00fcnfeld dem Verein Citymarketing zur Ausweitung und Erneuerung der Weihnachtsbeleuchtung in der H\u00fcnfelder Innenstadt. Die Gesamtkosten des Vorhabens betragen \u00fcber 10 650 Euro und werden zur H\u00e4lfe durch den Einzelhandel in der Innenstadt getragen. Wie B\u00fcrgermeister Dr. Eberhard Fennel dazu mitteilt, ist diese Beschaffungsaktion im Rahmen eines Arbeitsgespr\u00e4chs mit dem Vorstand des Vereins Citymarketing abgestimmt worden. Danach sollen die Stra\u00dfenz\u00fcge im Bereich oberen Hauptstra\u00dfe und der Mittelstra\u00dfe mit Sternenb\u00f6gen \u00fcberspannt werden.<\/p>\n","protected":false},"excerpt":{"rendered":"<div class=\"tmnf_excerpt\"><p>H\u00fcnfeld. Einen Zuschuss in H\u00f6he von insgesamt 5 326 Euro gew\u00e4hrt die Stadt H\u00fcnfeld dem Verein Citymarketing zur Ausweitung und Erneuerung der Weihnachtsbeleuchtung in der H\u00fcnfelder Innenstadt. Die Gesamtkosten des Vorhabens betragen \u00fcber 10 650 Euro und werden zur H\u00e4lfe durch den Einzelhandel in der Innenstadt getragen. Wie B\u00fcrgermeister Dr. Eberhard Fennel dazu mitteilt, ist &hellip;<\/p>\n<\/div>","protected":false},"author":1,"featured_media":0,"comment_status":"closed","ping_status":"closed","sticky":false,"template":"","format":"standard","meta":{"footnotes":""},"categories":[1,37,29],"tags":[],"class_list":["post-13837","post","type-post","status-publish","format-standard","hentry","category-startseite","category-essen-und-trinken","category-politik"],"_links":{"self":[{"href":"https:\/\/www.fuldaernachrichten.de\/index.php?rest_route=\/wp\/v2\/posts\/13837","targetHints":{"allow":["GET"]}}],"collection":[{"href":"https:\/\/www.fuldaernachrichten.de\/index.php?rest_route=\/wp\/v2\/posts"}],"about":[{"href":"https:\/\/www.fuldaernachrichten.de\/index.php?rest_route=\/wp\/v2\/types\/post"}],"author":[{"embeddable":true,"href":"https:\/\/www.fuldaernachrichten.de\/index.php?rest_route=\/wp\/v2\/users\/1"}],"replies":[{"embeddable":true,"href":"https:\/\/www.fuldaernachrichten.de\/index.php?rest_route=%2Fwp%2Fv2%2Fcomments&post=13837"}],"version-history":[{"count":2,"href":"https:\/\/www.fuldaernachrichten.de\/index.php?rest_route=\/wp\/v2\/posts\/13837\/revisions"}],"predecessor-version":[{"id":14073,"href":"https:\/\/www.fuldaernachrichten.de\/index.php?rest_route=\/wp\/v2\/posts\/13837\/revisions\/14073"}],"wp:attachment":[{"href":"https:\/\/www.fuldaernachrichten.de\/index.php?rest_route=%2Fwp%2Fv2%2Fmedia&parent=13837"}],"wp:term":[{"taxonomy":"category","embeddable":true,"href":"https:\/\/www.fuldaernachrichten.de\/index.php?rest_route=%2Fwp%2Fv2%2Fcategories&post=13837"},{"taxonomy":"post_tag","embeddable":true,"href":"https:\/\/www.fuldaernachrichten.de\/index.php?rest_route=%2Fwp%2Fv2%2Ftags&post=13837"}],"curies":[{"name":"wp","href":"https:\/\/api.w.org\/{rel}","templated":true}]}}