{"id":138344,"date":"2015-05-08T17:24:45","date_gmt":"2015-05-08T15:24:45","guid":{"rendered":"http:\/\/www.fuldaer-nachrichten.de\/?p=138344"},"modified":"2015-05-08T17:24:45","modified_gmt":"2015-05-08T15:24:45","slug":"bewilligungsbescheid-fuer-qualifizierungsbausteine-uebergeben","status":"publish","type":"post","link":"https:\/\/www.fuldaernachrichten.de\/?p=138344","title":{"rendered":"Bewilligungsbescheid f\u00fcr Qualifizierungsbausteine \u00fcbergeben"},"content":{"rendered":"<p>Das Ministerium f\u00fcr Soziales und Integration und der Landeswohlfahrtsverband (LWV) Hessen haben ein neues Hessisches Perspektivprogramm zur Verbesserung der Arbeitsmarktchancen schwerbehinderter Menschen (HePAS) aufgelegt. Im Rahmen dieser HePAS-F\u00f6rderung werden hessenweit bis zu sieben verschiedene Leuchtturmprojekte mit je 100 000 Euro ausgezeichnet.<\/p>\n<p>Als erstes Projekt erhielt die Startbahn aus dem Netzwerk Antoniusheim\/Perspektiva den Bewilligungsbescheid f\u00fcr ihr Vorhaben, Qualifizierungsbausteinen f\u00fcr Ausbildungsberufe zu entwickeln.<\/p>\n<p>\u201eIn unserem Netzwerk gab es schon lange die Vision, dass wir f\u00fcr Menschen mit einer geistigen Behinderung die Ausbildungssituation verbessern wollten. Nach vielen Ideen und Gespr\u00e4chen haben wir ein Rezept gefunden: Qualifizierungsbausteine. Mit dem heutigen Bewilligungsbescheid haben wir nun die finanziellen Ressourcen, um das Konzept und die Vision in die Tat umzusetzen\u201c, erkl\u00e4rte Lysann Elze, Schulleiterin der Arbeitsschule Startbahn.<\/p>\n<p>Qualifizierungsbausteine sind eine Methode, um bestimmte Inhalte eines Ausbildungsberufes zu vermitteln. Die Inhalte eines Qualifizierungsbausteins werden abgeleitet aus staatlich anerkannten Helferberufen und sind von den hiesigen Kammern anerkannt.<\/p>\n<p>Aus dem Helferberuf \u201eBeikoch\u201c wurden beispielsweise vier Qualifizierungsbausteine entwickelt und anerkannt. Einer von ihnen ist der Baustein \u201eVorbereitung von Salaten\u201c, der in der Antonius-K\u00fcche angewandt wird. Der Teilnehmer lernt unterschiedliche Salatsorten, ihre Verwendung und Verarbeitung kennen. Nach sechs Wochen weist er oder sie in einer Pr\u00fcfung nach, was er oder sie gelernt hat und schlie\u00dft dies mit einem Zertifikat ab.<\/p>\n<p>Die Qualifizierungsbausteine finden in den unterschiedlichsten Arbeitsfeldern Anwendung: Auf dem Antonius-Hof oder beispielsweise bei der Firma Ulrich Bau, die sich im Netzwerk Perspektiva engagiert. \u201eIch freue mich, dass die Vision unterst\u00fctzt wird, weil der Arbeitsmarkt jeden qualifizierten Mitarbeiter braucht\u201c, sagte Michael Wissler, Gesch\u00e4ftsf\u00fchrer der Firma Ulrich Bau. \u201eWir haben uns f\u00fcr das Projekt des Netzwerkes Startbahn und Perspektiva entschieden, weil mit der Erprobung und dem Abschluss von Qualifizierungsbausteinen eine Durchl\u00e4ssigkeit zu den Ausbildungen nach den Vorgaben des Berufsbildungsgesetzes bzw. der Handwerksordnung f\u00fcr die beeintr\u00e4chtigten jungen Menschen erreicht werden kann und somit insbesondere f\u00fcr Menschen mit kognitiven Behinderungen die Teilhabechancen\u00c2\u00a0 erweitert werden k\u00f6nnen\u201c, lobte der hessische Minister f\u00fcr Soziales und Integration, Stefan Gr\u00fcttner, in Wiesbaden das Projekt. Gr\u00fcttner betonte, dass das Land \u00fcber den LWV insgesamt 30 Millionen Euro in HePAS investiert und damit \u201eeinen wichtigen Beitrag\u201c dazu leiste, \u201eTeilhabe auf eine breite Basis zu stellen und alle Potenziale zu nutzen.\u201c<\/p>\n<p>Dr. Andreas J\u00fcrgens, Erster Beigeordneter des Landeswohlfahrtsverbandes Hessen, begr\u00fc\u00dfte ebenfalls das Fuldaer Projekt. \u201eDie berufliche Qualifikation junger behinderter Menschen liegt uns ganz besonders am Herzen. Es ist f\u00fcr ihren weiteren Lebensweg von zentraler Bedeutung, dass sie beruflich Fu\u00df fassen. Denn dies hilft ihnen sehr, ihren Platz im Leben zu finden. Wir wollen sie dabei unterst\u00fctzen und danken allen, die dieses wichtige Projekt m\u00f6glich gemacht haben.\u201c<\/p>\n","protected":false},"excerpt":{"rendered":"<div class=\"tmnf_excerpt\"><p>Das Ministerium f\u00fcr Soziales und Integration und der Landeswohlfahrtsverband (LWV) Hessen haben ein neues Hessisches Perspektivprogramm zur Verbesserung der Arbeitsmarktchancen schwerbehinderter Menschen (HePAS) aufgelegt. Im Rahmen dieser HePAS-F\u00f6rderung werden hessenweit bis zu sieben verschiedene Leuchtturmprojekte mit je 100 000 Euro ausgezeichnet. Als erstes Projekt erhielt die Startbahn aus dem Netzwerk Antoniusheim\/Perspektiva den Bewilligungsbescheid f\u00fcr ihr &hellip;<\/p>\n<\/div>","protected":false},"author":1,"featured_media":138348,"comment_status":"closed","ping_status":"closed","sticky":false,"template":"","format":"gallery","meta":{"footnotes":""},"categories":[1,51],"tags":[],"class_list":["post-138344","post","type-post","status-publish","format-gallery","has-post-thumbnail","hentry","category-startseite","category-medizin","post_format-post-format-gallery"],"_links":{"self":[{"href":"https:\/\/www.fuldaernachrichten.de\/index.php?rest_route=\/wp\/v2\/posts\/138344","targetHints":{"allow":["GET"]}}],"collection":[{"href":"https:\/\/www.fuldaernachrichten.de\/index.php?rest_route=\/wp\/v2\/posts"}],"about":[{"href":"https:\/\/www.fuldaernachrichten.de\/index.php?rest_route=\/wp\/v2\/types\/post"}],"author":[{"embeddable":true,"href":"https:\/\/www.fuldaernachrichten.de\/index.php?rest_route=\/wp\/v2\/users\/1"}],"replies":[{"embeddable":true,"href":"https:\/\/www.fuldaernachrichten.de\/index.php?rest_route=%2Fwp%2Fv2%2Fcomments&post=138344"}],"version-history":[{"count":1,"href":"https:\/\/www.fuldaernachrichten.de\/index.php?rest_route=\/wp\/v2\/posts\/138344\/revisions"}],"predecessor-version":[{"id":138371,"href":"https:\/\/www.fuldaernachrichten.de\/index.php?rest_route=\/wp\/v2\/posts\/138344\/revisions\/138371"}],"wp:featuredmedia":[{"embeddable":true,"href":"https:\/\/www.fuldaernachrichten.de\/index.php?rest_route=\/wp\/v2\/media\/138348"}],"wp:attachment":[{"href":"https:\/\/www.fuldaernachrichten.de\/index.php?rest_route=%2Fwp%2Fv2%2Fmedia&parent=138344"}],"wp:term":[{"taxonomy":"category","embeddable":true,"href":"https:\/\/www.fuldaernachrichten.de\/index.php?rest_route=%2Fwp%2Fv2%2Fcategories&post=138344"},{"taxonomy":"post_tag","embeddable":true,"href":"https:\/\/www.fuldaernachrichten.de\/index.php?rest_route=%2Fwp%2Fv2%2Ftags&post=138344"}],"curies":[{"name":"wp","href":"https:\/\/api.w.org\/{rel}","templated":true}]}}