{"id":138342,"date":"2015-05-08T17:15:31","date_gmt":"2015-05-08T15:15:31","guid":{"rendered":"http:\/\/www.fuldaer-nachrichten.de\/?p=138342"},"modified":"2015-05-08T17:15:31","modified_gmt":"2015-05-08T15:15:31","slug":"bewerbungsfrist-fuer-innovations-und-wachstumspreis-des-landes-hessen-bis-zum-12-juni-2015-verlaengert","status":"publish","type":"post","link":"https:\/\/www.fuldaernachrichten.de\/?p=138342","title":{"rendered":"Bewerbungsfrist f\u00fcr Innovations- und Wachstumspreis des Landes Hessen bis zum 12. Juni 2015 verl\u00e4ngert"},"content":{"rendered":"<p>Unternehmen auch aus dem Landkreis Fulda k\u00f6nnen sich noch bis zum 12. Juni um den Titel \u201eHessen-Champions 2015\u201c bewerben. Die Bewerbungsfrist f\u00fcr den Innovations- und Wachstumspreis des Landes Hessen wurde um sechs Wochen verl\u00e4ngert. Der Wettbewerb \u201eHessen-Champions\u201c hat das Ziel, Unternehmen mit Sitz in Hessen f\u00fcr herausragende Leistungen auszuzeichnen. Gesucht werden innovative Unternehmen, die in ihrer Branche weltweit f\u00fchrend sind, unter Ber\u00fccksichtigung ihrer Gr\u00f6\u00dfe \u00fcberdurchschnittlich viele neue Arbeitspl\u00e4tze geschaffen oder neue Produkte oder Verfahren entwickelt haben. Die Preisverleihung ist am 27. Oktober auf dem Hessischen Unternehmertag im Kurhaus in Wiesbaden. Ausf\u00fchrlichen Informationen und Bewerbungsunterlagen stehen unter www.hessen.champions.de.bereit.<\/p>\n","protected":false},"excerpt":{"rendered":"<div class=\"tmnf_excerpt\"><p>Unternehmen auch aus dem Landkreis Fulda k\u00f6nnen sich noch bis zum 12. Juni um den Titel \u201eHessen-Champions 2015\u201c bewerben. Die Bewerbungsfrist f\u00fcr den Innovations- und Wachstumspreis des Landes Hessen wurde um sechs Wochen verl\u00e4ngert. Der Wettbewerb \u201eHessen-Champions\u201c hat das Ziel, Unternehmen mit Sitz in Hessen f\u00fcr herausragende Leistungen auszuzeichnen. Gesucht werden innovative Unternehmen, die in &hellip;<\/p>\n<\/div>","protected":false},"author":1,"featured_media":0,"comment_status":"closed","ping_status":"closed","sticky":false,"template":"","format":"standard","meta":{"footnotes":""},"categories":[1],"tags":[],"class_list":["post-138342","post","type-post","status-publish","format-standard","hentry","category-startseite"],"_links":{"self":[{"href":"https:\/\/www.fuldaernachrichten.de\/index.php?rest_route=\/wp\/v2\/posts\/138342","targetHints":{"allow":["GET"]}}],"collection":[{"href":"https:\/\/www.fuldaernachrichten.de\/index.php?rest_route=\/wp\/v2\/posts"}],"about":[{"href":"https:\/\/www.fuldaernachrichten.de\/index.php?rest_route=\/wp\/v2\/types\/post"}],"author":[{"embeddable":true,"href":"https:\/\/www.fuldaernachrichten.de\/index.php?rest_route=\/wp\/v2\/users\/1"}],"replies":[{"embeddable":true,"href":"https:\/\/www.fuldaernachrichten.de\/index.php?rest_route=%2Fwp%2Fv2%2Fcomments&post=138342"}],"version-history":[{"count":1,"href":"https:\/\/www.fuldaernachrichten.de\/index.php?rest_route=\/wp\/v2\/posts\/138342\/revisions"}],"predecessor-version":[{"id":138343,"href":"https:\/\/www.fuldaernachrichten.de\/index.php?rest_route=\/wp\/v2\/posts\/138342\/revisions\/138343"}],"wp:attachment":[{"href":"https:\/\/www.fuldaernachrichten.de\/index.php?rest_route=%2Fwp%2Fv2%2Fmedia&parent=138342"}],"wp:term":[{"taxonomy":"category","embeddable":true,"href":"https:\/\/www.fuldaernachrichten.de\/index.php?rest_route=%2Fwp%2Fv2%2Fcategories&post=138342"},{"taxonomy":"post_tag","embeddable":true,"href":"https:\/\/www.fuldaernachrichten.de\/index.php?rest_route=%2Fwp%2Fv2%2Ftags&post=138342"}],"curies":[{"name":"wp","href":"https:\/\/api.w.org\/{rel}","templated":true}]}}