{"id":138340,"date":"2015-05-08T17:15:06","date_gmt":"2015-05-08T15:15:06","guid":{"rendered":"http:\/\/www.fuldaer-nachrichten.de\/?p=138340"},"modified":"2015-05-08T17:15:06","modified_gmt":"2015-05-08T15:15:06","slug":"familienbuendnis-zweites-treffen-im-neuen-handlungsfeld-migration-und-integration-in-lauterbach","status":"publish","type":"post","link":"https:\/\/www.fuldaernachrichten.de\/?p=138340","title":{"rendered":"Familienb\u00fcndnis: Zweites Treffen im neuen Handlungsfeld \u201eMigration und Integration\u201c in Lauterbach"},"content":{"rendered":"<p>Am Donnerstag, 21. Mai, treffen sich die Interessierten aus dem Handlungsfeld \u201eMigration und Integration\u201c um 16 Uhr im Sitzungssaal des Landratsamtes in Lauterbach, Goldhelg 20. Die Sprecherin und der Sprecher der Gruppe, Gleichstellungs- und Migrationsbeauftragte Magdalena Pitzer und Sachgebietsleiter Hans-Ulrich Merle, hoffen auf rege Beteiligung.<\/p>\n<p>In der Sitzung wird es einen \u00dcberblick geben \u00fcber die im letzten Treffen gesammelten Ideen, und es werden Aktivit\u00e4ten vorgestellt, die es bereits zur Unterst\u00fctzung von Fl\u00fcchtlingen gibt. Au\u00dferdem soll die k\u00fcnftige Aufgabenstellung des neuen Handlungsfeldes umschrieben werden.<\/p>\n<p>Informationen \u00fcber die Koordinierungsstelle des Familienb\u00fcndnisses in der Kreisverwaltung: Telefon 06641\/977-3404, sandra.obenhack@vogelsbergkreis.de.<\/p>\n","protected":false},"excerpt":{"rendered":"<div class=\"tmnf_excerpt\"><p>Am Donnerstag, 21. Mai, treffen sich die Interessierten aus dem Handlungsfeld \u201eMigration und Integration\u201c um 16 Uhr im Sitzungssaal des Landratsamtes in Lauterbach, Goldhelg 20. Die Sprecherin und der Sprecher der Gruppe, Gleichstellungs- und Migrationsbeauftragte Magdalena Pitzer und Sachgebietsleiter Hans-Ulrich Merle, hoffen auf rege Beteiligung. In der Sitzung wird es einen \u00dcberblick geben \u00fcber die &hellip;<\/p>\n<\/div>","protected":false},"author":1,"featured_media":0,"comment_status":"closed","ping_status":"closed","sticky":false,"template":"","format":"standard","meta":{"footnotes":""},"categories":[1],"tags":[],"class_list":["post-138340","post","type-post","status-publish","format-standard","hentry","category-startseite"],"_links":{"self":[{"href":"https:\/\/www.fuldaernachrichten.de\/index.php?rest_route=\/wp\/v2\/posts\/138340","targetHints":{"allow":["GET"]}}],"collection":[{"href":"https:\/\/www.fuldaernachrichten.de\/index.php?rest_route=\/wp\/v2\/posts"}],"about":[{"href":"https:\/\/www.fuldaernachrichten.de\/index.php?rest_route=\/wp\/v2\/types\/post"}],"author":[{"embeddable":true,"href":"https:\/\/www.fuldaernachrichten.de\/index.php?rest_route=\/wp\/v2\/users\/1"}],"replies":[{"embeddable":true,"href":"https:\/\/www.fuldaernachrichten.de\/index.php?rest_route=%2Fwp%2Fv2%2Fcomments&post=138340"}],"version-history":[{"count":1,"href":"https:\/\/www.fuldaernachrichten.de\/index.php?rest_route=\/wp\/v2\/posts\/138340\/revisions"}],"predecessor-version":[{"id":138341,"href":"https:\/\/www.fuldaernachrichten.de\/index.php?rest_route=\/wp\/v2\/posts\/138340\/revisions\/138341"}],"wp:attachment":[{"href":"https:\/\/www.fuldaernachrichten.de\/index.php?rest_route=%2Fwp%2Fv2%2Fmedia&parent=138340"}],"wp:term":[{"taxonomy":"category","embeddable":true,"href":"https:\/\/www.fuldaernachrichten.de\/index.php?rest_route=%2Fwp%2Fv2%2Fcategories&post=138340"},{"taxonomy":"post_tag","embeddable":true,"href":"https:\/\/www.fuldaernachrichten.de\/index.php?rest_route=%2Fwp%2Fv2%2Ftags&post=138340"}],"curies":[{"name":"wp","href":"https:\/\/api.w.org\/{rel}","templated":true}]}}