{"id":138334,"date":"2015-05-08T17:11:06","date_gmt":"2015-05-08T15:11:06","guid":{"rendered":"http:\/\/www.fuldaer-nachrichten.de\/?p=138334"},"modified":"2015-05-08T17:11:06","modified_gmt":"2015-05-08T15:11:06","slug":"tagungsspezialist-synapsis-dr-jordan-jetzt-fd-botschafter","status":"publish","type":"post","link":"https:\/\/www.fuldaernachrichten.de\/?p=138334","title":{"rendered":"Tagungsspezialist Synapsis Dr. Jordan jetzt FD-Botschafter"},"content":{"rendered":"<p>Zentral gelegen in der Mitte Deutschlands, eine ideale Anbindung mit Bahn und Auto \u00c2\u00a0aus allen Richtungen Deutschlands und eine echte Wohlf\u00fchl-Atmosph\u00e4re \u2013 keine Frage, dass sich das Team des Fuldaer Seminar- und Tagungszentrums Synapsis zur Region bekennt und mit den vielf\u00e4ltigen Vorteilen wirbt. Inhaber Dr. Lothar Jordan war dann auch spontan von der Idee begeistert, einen gemeinsamen Imageflyer mit dem Regionalen Standortmarketing\u00c2\u00a0 im Rahmen der Markenkampagne FD zu erstellen. Der Achtseiter enth\u00e4lt drei Seiten, darunter auch die Titelseite, mit Informationen zum Seminarzentrum Synapsis, eine Deutschlandkarte, die die Region Fulda auch mit den ICE-Entfernungszeiten darstellt sowie vier Seiten mit den wichtigsten Basisinformationen \u00fcber Stadt und Landkreis Fulda.<\/p>\n<p>Mit Blick \u00fcber die Innenstadt Fuldas \u00fcberreichten jetzt IHK-Hauptgesch\u00e4ftsf\u00fchrer Stefan Schunck und Regionalmanager Christoph Burkard auf dem Dach des Bildungsunternehmens Jordan die ersten 2000 Flyer an Dr. Lothar Jordan. Tagungsg\u00e4ste aus dem ganzen Bundesgebiet treffen sich nach den Worten von Jordan in den modern ausgestatteten Konferenzr\u00e4umen im Zentrum der Barockstadt. Durch den Imageflyer erhalten die Besucher jetzt die wichtigsten Informationen zu ihrem Tagungsstandort auf einen Blick. Dr. Lothar Jordan sieht sich mit seinem Bildungsunternehmen, dessen Bildungsportfolio Reception-Class und Grundschule bis hin zu Realschule, Fachoberschule und Wirtschaftsgymnasium sowie eine staatlich anerkannte private Berufsakademie \u00c2\u00a0mit derzeit zwei Bachelor-Abschl\u00fcssen \u00c2\u00a0und die inlingua Sprachschule umfasst, als \u00fcberregionalen Botschafter: Neben den vielf\u00e4ltigen, bundesweiten Kontakten zu Tagungsg\u00e4sten setzt sich der Bildungsexperte auf Landes- und Bundesebene f\u00fcr die Belange der Privat-Schulen ein und wirbt damit nicht zuletzt auch f\u00fcr die hohen Bildungsstandards der Region Fulda.<\/p>\n","protected":false},"excerpt":{"rendered":"<div class=\"tmnf_excerpt\"><p>Zentral gelegen in der Mitte Deutschlands, eine ideale Anbindung mit Bahn und Auto \u00c2\u00a0aus allen Richtungen Deutschlands und eine echte Wohlf\u00fchl-Atmosph\u00e4re \u2013 keine Frage, dass sich das Team des Fuldaer Seminar- und Tagungszentrums Synapsis zur Region bekennt und mit den vielf\u00e4ltigen Vorteilen wirbt. Inhaber Dr. Lothar Jordan war dann auch spontan von der Idee begeistert, &hellip;<\/p>\n<\/div>","protected":false},"author":1,"featured_media":138335,"comment_status":"closed","ping_status":"closed","sticky":false,"template":"","format":"standard","meta":{"footnotes":""},"categories":[1],"tags":[],"class_list":["post-138334","post","type-post","status-publish","format-standard","has-post-thumbnail","hentry","category-startseite"],"_links":{"self":[{"href":"https:\/\/www.fuldaernachrichten.de\/index.php?rest_route=\/wp\/v2\/posts\/138334","targetHints":{"allow":["GET"]}}],"collection":[{"href":"https:\/\/www.fuldaernachrichten.de\/index.php?rest_route=\/wp\/v2\/posts"}],"about":[{"href":"https:\/\/www.fuldaernachrichten.de\/index.php?rest_route=\/wp\/v2\/types\/post"}],"author":[{"embeddable":true,"href":"https:\/\/www.fuldaernachrichten.de\/index.php?rest_route=\/wp\/v2\/users\/1"}],"replies":[{"embeddable":true,"href":"https:\/\/www.fuldaernachrichten.de\/index.php?rest_route=%2Fwp%2Fv2%2Fcomments&post=138334"}],"version-history":[{"count":1,"href":"https:\/\/www.fuldaernachrichten.de\/index.php?rest_route=\/wp\/v2\/posts\/138334\/revisions"}],"predecessor-version":[{"id":138336,"href":"https:\/\/www.fuldaernachrichten.de\/index.php?rest_route=\/wp\/v2\/posts\/138334\/revisions\/138336"}],"wp:featuredmedia":[{"embeddable":true,"href":"https:\/\/www.fuldaernachrichten.de\/index.php?rest_route=\/wp\/v2\/media\/138335"}],"wp:attachment":[{"href":"https:\/\/www.fuldaernachrichten.de\/index.php?rest_route=%2Fwp%2Fv2%2Fmedia&parent=138334"}],"wp:term":[{"taxonomy":"category","embeddable":true,"href":"https:\/\/www.fuldaernachrichten.de\/index.php?rest_route=%2Fwp%2Fv2%2Fcategories&post=138334"},{"taxonomy":"post_tag","embeddable":true,"href":"https:\/\/www.fuldaernachrichten.de\/index.php?rest_route=%2Fwp%2Fv2%2Ftags&post=138334"}],"curies":[{"name":"wp","href":"https:\/\/api.w.org\/{rel}","templated":true}]}}