{"id":138331,"date":"2015-05-08T09:17:52","date_gmt":"2015-05-08T07:17:52","guid":{"rendered":"http:\/\/www.fuldaer-nachrichten.de\/?p=138331"},"modified":"2015-05-08T09:17:52","modified_gmt":"2015-05-08T07:17:52","slug":"vernissage-im-vitanas-senioren-centrum-fulda-galerie","status":"publish","type":"post","link":"https:\/\/www.fuldaernachrichten.de\/?p=138331","title":{"rendered":"Vernissage im Vitanas Senioren Centrum Fulda Galerie"},"content":{"rendered":"<p>Das Vitanas Senioren Centrum Fulda Galerie l\u00e4dt am Mittwoch, 20. Mai 2015 um 19.00 Uhr alle Bewohner, Mitarbeiter, Freundes des Hauses und Interessierten herzlich zur Vernissage von Edeltraud Mager ein. Der Eintritt ist frei.<\/p>\n<p>Die K\u00fcnstlerin stellt ihre Werke pers\u00f6nlich im Rahmen eines Sektempfanges vor. Edeltraud Mager wurde 1949 in Herzberg\/Harz geboren, wohnt jedoch bereits seit 1967 in Fulda. Mehrere Jahre war sie Sch\u00fclerin der Freien Kunstakademie H\u00fcnfeld. Ihre Palette umfasst Spachteltechniken, \u00d6l-, Aquarell-, Tusche- und Kohlemaltechniken. Stilvollen Stra\u00dfenszenen und Landschaften verleiht sie in zarten und ruhigen Farbt\u00f6nen eine harmonische Atmosph\u00e4re. Aber auch lebendige Portraits geh\u00f6ren zu ihrem Repertoire. Viele ihrer Werke befinden sich in Privatbesitz, in mehreren Ausstellungen konnte man diese schon betrachten.<\/p>\n<p>Zur Vernissage im Vitanas Senioren Centrum Fulda Galerie erwartet das Haus viele interessierte G\u00e4ste, die die Ausstellungsst\u00fccke bei einem Gl\u00e4schen Sekt und Leckereien vom Grill bestaunen k\u00f6nnen.<\/p>\n<p>Weitere Informationen unter (0661) 480 49 &#8211; 100.<\/p>\n<p>Zum Bild: Edeltraud Mager vor einem ihrer Kunstwerke.<\/p>\n","protected":false},"excerpt":{"rendered":"<div class=\"tmnf_excerpt\"><p>Das Vitanas Senioren Centrum Fulda Galerie l\u00e4dt am Mittwoch, 20. Mai 2015 um 19.00 Uhr alle Bewohner, Mitarbeiter, Freundes des Hauses und Interessierten herzlich zur Vernissage von Edeltraud Mager ein. Der Eintritt ist frei. Die K\u00fcnstlerin stellt ihre Werke pers\u00f6nlich im Rahmen eines Sektempfanges vor. Edeltraud Mager wurde 1949 in Herzberg\/Harz geboren, wohnt jedoch bereits &hellip;<\/p>\n<\/div>","protected":false},"author":1,"featured_media":138332,"comment_status":"closed","ping_status":"closed","sticky":false,"template":"","format":"standard","meta":{"footnotes":""},"categories":[1,51],"tags":[],"class_list":["post-138331","post","type-post","status-publish","format-standard","has-post-thumbnail","hentry","category-startseite","category-medizin"],"_links":{"self":[{"href":"https:\/\/www.fuldaernachrichten.de\/index.php?rest_route=\/wp\/v2\/posts\/138331","targetHints":{"allow":["GET"]}}],"collection":[{"href":"https:\/\/www.fuldaernachrichten.de\/index.php?rest_route=\/wp\/v2\/posts"}],"about":[{"href":"https:\/\/www.fuldaernachrichten.de\/index.php?rest_route=\/wp\/v2\/types\/post"}],"author":[{"embeddable":true,"href":"https:\/\/www.fuldaernachrichten.de\/index.php?rest_route=\/wp\/v2\/users\/1"}],"replies":[{"embeddable":true,"href":"https:\/\/www.fuldaernachrichten.de\/index.php?rest_route=%2Fwp%2Fv2%2Fcomments&post=138331"}],"version-history":[{"count":1,"href":"https:\/\/www.fuldaernachrichten.de\/index.php?rest_route=\/wp\/v2\/posts\/138331\/revisions"}],"predecessor-version":[{"id":138333,"href":"https:\/\/www.fuldaernachrichten.de\/index.php?rest_route=\/wp\/v2\/posts\/138331\/revisions\/138333"}],"wp:featuredmedia":[{"embeddable":true,"href":"https:\/\/www.fuldaernachrichten.de\/index.php?rest_route=\/wp\/v2\/media\/138332"}],"wp:attachment":[{"href":"https:\/\/www.fuldaernachrichten.de\/index.php?rest_route=%2Fwp%2Fv2%2Fmedia&parent=138331"}],"wp:term":[{"taxonomy":"category","embeddable":true,"href":"https:\/\/www.fuldaernachrichten.de\/index.php?rest_route=%2Fwp%2Fv2%2Fcategories&post=138331"},{"taxonomy":"post_tag","embeddable":true,"href":"https:\/\/www.fuldaernachrichten.de\/index.php?rest_route=%2Fwp%2Fv2%2Ftags&post=138331"}],"curies":[{"name":"wp","href":"https:\/\/api.w.org\/{rel}","templated":true}]}}