{"id":138311,"date":"2015-05-07T11:16:08","date_gmt":"2015-05-07T09:16:08","guid":{"rendered":"http:\/\/www.fuldaer-nachrichten.de\/?p=138311"},"modified":"2015-05-07T11:16:08","modified_gmt":"2015-05-07T09:16:08","slug":"hessen-foerdert-stiftung-sigmund-freud-institut-mit-140-000-euro","status":"publish","type":"post","link":"https:\/\/www.fuldaernachrichten.de\/?p=138311","title":{"rendered":"Hessen f\u00f6rdert Stiftung Sigmund-Freud-Institut mit 140.000 Euro"},"content":{"rendered":"<p>Das Hessische Ministerium f\u00fcr Wissenschaft und Kunst unterst\u00fctzt auch in diesem Jahr die Stiftung Sigmund-Freud-Institut (SFI) mit einer institutionellen F\u00f6rderung. F\u00fcr die Monate M\u00e4rz und April betr\u00e4gt die F\u00f6rdersumme 140.000 Euro. Diese Mittel dienen zur Finanzierung der laufenden Betriebskosten f\u00fcr Sachaufwand und Personalausstattung.<\/p>\n<p>Internationale Bedeutung<\/p>\n<p>Wissenschaftsminister Boris Rhein: \u201eDas SFI ist ein einmalig anerkanntes Forschungsinstitut mit \u00fcberregionaler sowie internationaler Bedeutung. Es leistet einen einzigartigen Beitrag zur wissenschaftlichen Erforschung psychischer Gesundheit, Beziehungs- und kreativer Arbeitsf\u00e4higkeit. Das Projekt \u00e2\u20ac\u0161Erste Schritte\u00e2\u20ac\u02dc soll beispielsweise die soziale Integration von Kleinkindern aus Familien mit Migrationshintergrund nachhaltig unterst\u00fctzen. Das SFI ist ein bedeutendes Institut, das in der nationalen und in der hessischen Wissenschaftslandschaft unverzichtbar ist.\u201c<\/p>\n<p>Neue R\u00e4ume<\/p>\n<p>Die r\u00e4umliche Erweiterung des Sigmund-Freud-Instituts, mit dem Ziel eines Zentrums aller in Frankfurt ans\u00e4ssigen psychoanalytischen Institutionen, ist zukunftsweisend. Hierzu wird das Institutsgeb\u00e4ude in der landeseigenen Liegenschaft in der Myliusstra\u00dfe in Frankfurt derzeit umgebaut und durch einen Neubau erweitert. Das SFI ist bis zur Fertigstellung \u00fcbergangsweise in Interimsr\u00e4umen in der Beethovenstra\u00dfe in Frankfurt am Main untergebracht. Der Wiedereinzug in das Institutsgeb\u00e4ude steht kurz bevor.<\/p>\n<p>Kompetenz an einem Ort<\/p>\n<p>\u201eDurch die Zentrierung der Kompetenzen an einem Ort, k\u00f6nnen wir die Trennung von Wissenschaft und Praxis optimieren und zu einer Verbesserung der psychotherapeutischen Versorgung beitragen\u201c, so Wissenschaftsminister Boris Rhein abschlie\u00dfend.<\/p>\n","protected":false},"excerpt":{"rendered":"<div class=\"tmnf_excerpt\"><p>Das Hessische Ministerium f\u00fcr Wissenschaft und Kunst unterst\u00fctzt auch in diesem Jahr die Stiftung Sigmund-Freud-Institut (SFI) mit einer institutionellen F\u00f6rderung. F\u00fcr die Monate M\u00e4rz und April betr\u00e4gt die F\u00f6rdersumme 140.000 Euro. Diese Mittel dienen zur Finanzierung der laufenden Betriebskosten f\u00fcr Sachaufwand und Personalausstattung. Internationale Bedeutung Wissenschaftsminister Boris Rhein: \u201eDas SFI ist ein einmalig anerkanntes Forschungsinstitut &hellip;<\/p>\n<\/div>","protected":false},"author":1,"featured_media":0,"comment_status":"closed","ping_status":"closed","sticky":false,"template":"","format":"standard","meta":{"footnotes":""},"categories":[1,29],"tags":[],"class_list":["post-138311","post","type-post","status-publish","format-standard","hentry","category-startseite","category-politik"],"_links":{"self":[{"href":"https:\/\/www.fuldaernachrichten.de\/index.php?rest_route=\/wp\/v2\/posts\/138311","targetHints":{"allow":["GET"]}}],"collection":[{"href":"https:\/\/www.fuldaernachrichten.de\/index.php?rest_route=\/wp\/v2\/posts"}],"about":[{"href":"https:\/\/www.fuldaernachrichten.de\/index.php?rest_route=\/wp\/v2\/types\/post"}],"author":[{"embeddable":true,"href":"https:\/\/www.fuldaernachrichten.de\/index.php?rest_route=\/wp\/v2\/users\/1"}],"replies":[{"embeddable":true,"href":"https:\/\/www.fuldaernachrichten.de\/index.php?rest_route=%2Fwp%2Fv2%2Fcomments&post=138311"}],"version-history":[{"count":1,"href":"https:\/\/www.fuldaernachrichten.de\/index.php?rest_route=\/wp\/v2\/posts\/138311\/revisions"}],"predecessor-version":[{"id":138312,"href":"https:\/\/www.fuldaernachrichten.de\/index.php?rest_route=\/wp\/v2\/posts\/138311\/revisions\/138312"}],"wp:attachment":[{"href":"https:\/\/www.fuldaernachrichten.de\/index.php?rest_route=%2Fwp%2Fv2%2Fmedia&parent=138311"}],"wp:term":[{"taxonomy":"category","embeddable":true,"href":"https:\/\/www.fuldaernachrichten.de\/index.php?rest_route=%2Fwp%2Fv2%2Fcategories&post=138311"},{"taxonomy":"post_tag","embeddable":true,"href":"https:\/\/www.fuldaernachrichten.de\/index.php?rest_route=%2Fwp%2Fv2%2Ftags&post=138311"}],"curies":[{"name":"wp","href":"https:\/\/api.w.org\/{rel}","templated":true}]}}