{"id":138307,"date":"2015-05-07T11:15:14","date_gmt":"2015-05-07T09:15:14","guid":{"rendered":"http:\/\/www.fuldaer-nachrichten.de\/?p=138307"},"modified":"2015-05-07T11:15:14","modified_gmt":"2015-05-07T09:15:14","slug":"heldenfreizeiten-der-kolpingjugend-in-vallendar-bei-koblenz","status":"publish","type":"post","link":"https:\/\/www.fuldaernachrichten.de\/?p=138307","title":{"rendered":"Heldenfreizeiten der Kolpingjugend in Vallendar bei Koblenz"},"content":{"rendered":"<p>Auch in diesem Jahr bietet die Kolpingjugend im Bistum Fulda wieder eine Kinder- und eine Jugendfreizeit an. \u201eEinsteigerhelden\u201c im Alter von 8-12 Jahren sowie \u201eFortgeschrittene Weltretter\u201c im Alter von 13-20 Jahren k\u00f6nnen in der Zeit vom 10.-15. August 2015 im Haus Wasserburg in Vallendar spannende und erlebnisreiche Tage verbringen. N\u00e4here Informationen\u00c2\u00a0 in der Kolping-Di\u00f6zesangesch\u00e4ftsstelle unter Tel. 0661-10000 oder per Mail info@kolping-fulda.de.<\/p>\n","protected":false},"excerpt":{"rendered":"<div class=\"tmnf_excerpt\"><p>Auch in diesem Jahr bietet die Kolpingjugend im Bistum Fulda wieder eine Kinder- und eine Jugendfreizeit an. \u201eEinsteigerhelden\u201c im Alter von 8-12 Jahren sowie \u201eFortgeschrittene Weltretter\u201c im Alter von 13-20 Jahren k\u00f6nnen in der Zeit vom 10.-15. August 2015 im Haus Wasserburg in Vallendar spannende und erlebnisreiche Tage verbringen. N\u00e4here Informationen\u00c2\u00a0 in der Kolping-Di\u00f6zesangesch\u00e4ftsstelle unter &hellip;<\/p>\n<\/div>","protected":false},"author":1,"featured_media":0,"comment_status":"closed","ping_status":"closed","sticky":false,"template":"","format":"standard","meta":{"footnotes":""},"categories":[1,72,50],"tags":[],"class_list":["post-138307","post","type-post","status-publish","format-standard","hentry","category-startseite","category-jugend","category-kirche"],"_links":{"self":[{"href":"https:\/\/www.fuldaernachrichten.de\/index.php?rest_route=\/wp\/v2\/posts\/138307","targetHints":{"allow":["GET"]}}],"collection":[{"href":"https:\/\/www.fuldaernachrichten.de\/index.php?rest_route=\/wp\/v2\/posts"}],"about":[{"href":"https:\/\/www.fuldaernachrichten.de\/index.php?rest_route=\/wp\/v2\/types\/post"}],"author":[{"embeddable":true,"href":"https:\/\/www.fuldaernachrichten.de\/index.php?rest_route=\/wp\/v2\/users\/1"}],"replies":[{"embeddable":true,"href":"https:\/\/www.fuldaernachrichten.de\/index.php?rest_route=%2Fwp%2Fv2%2Fcomments&post=138307"}],"version-history":[{"count":1,"href":"https:\/\/www.fuldaernachrichten.de\/index.php?rest_route=\/wp\/v2\/posts\/138307\/revisions"}],"predecessor-version":[{"id":138308,"href":"https:\/\/www.fuldaernachrichten.de\/index.php?rest_route=\/wp\/v2\/posts\/138307\/revisions\/138308"}],"wp:attachment":[{"href":"https:\/\/www.fuldaernachrichten.de\/index.php?rest_route=%2Fwp%2Fv2%2Fmedia&parent=138307"}],"wp:term":[{"taxonomy":"category","embeddable":true,"href":"https:\/\/www.fuldaernachrichten.de\/index.php?rest_route=%2Fwp%2Fv2%2Fcategories&post=138307"},{"taxonomy":"post_tag","embeddable":true,"href":"https:\/\/www.fuldaernachrichten.de\/index.php?rest_route=%2Fwp%2Fv2%2Ftags&post=138307"}],"curies":[{"name":"wp","href":"https:\/\/api.w.org\/{rel}","templated":true}]}}