{"id":138303,"date":"2015-05-07T11:13:35","date_gmt":"2015-05-07T09:13:35","guid":{"rendered":"http:\/\/www.fuldaer-nachrichten.de\/?p=138303"},"modified":"2015-05-07T11:13:35","modified_gmt":"2015-05-07T09:13:35","slug":"sommerferienprogramm-im-umweltzentrum","status":"publish","type":"post","link":"https:\/\/www.fuldaernachrichten.de\/?p=138303","title":{"rendered":"Sommerferienprogramm im Umweltzentrum"},"content":{"rendered":"<p>Es ist nicht mehr lange bis zu den Sommerferien und das Umweltzentrum bietet ein umfangreiches Programm f\u00fcr Kinder zwischen 6 und 14 Jahren. Da ist f\u00fcr jeden etwas Interessantes dabei, von Greifv\u00f6geln \u00fcber Filzen mit Wolle und die Vielfalt der Welt entdecken.<\/p>\n<p>Das Programm beginnt am 27. Juli 2015 und endet vier Wochen sp\u00e4ter am 28. August 2015, jeweils von 10:00-15:00 Uhr.<\/p>\n<p>Montag, 27. Juli: \u201eFaszination Greifv\u00f6gel\u201c, \u00e2\u20ac\u00a8Michael Schanze<br \/>\nFreitag, 31. Juli: \u201eGPS \u2013 Energie \u2013 Erkundungstour\u201c, Ilario Forconi<br \/>\nMontag, 03. August: \u201eWerkstatt Pflanzenfarben\u201c, \u00e2\u20ac\u00a8Karin Valentin<br \/>\nDienstag, 04. August: \u201eWasserforscher\u201c, Ilario Forconi<br \/>\nMittwoch, 05. August: \u201eKr\u00e4uter\u201c, Karin Valentin<br \/>\nDonnerstag, 06. und Freitag, 07. August: \u201eAtelier der Natur\u201c, Martina Fuchs<br \/>\nDienstag, 18. August: \u201eWeiche Wolle \u2013 fester Filz\u201c, Rosi Wegwerth<br \/>\nMittwoch 19. \u2013 Freitag 21. August: \u201eFriedensreich Hundertwasser\u201c, Martina Fuchs<br \/>\nMontag, 24. \u2013 Freitag 28. August: \u201eDie Vielfalt der Welt\u201c, in Kooperation mit \u201eBildung trifft Entwicklung\u201c<\/p>\n<p>Alle Kurse finden im Umweltzentrum Fulda statt. Weitere Informationen finden Sie auf www.umweltzentrum-fulda.de oder unter der Telefonnummer: 0661\/9709790. Eine Anmeldung ist bis zum 13. Juli erforderlich.<\/p>\n","protected":false},"excerpt":{"rendered":"<div class=\"tmnf_excerpt\"><p>Es ist nicht mehr lange bis zu den Sommerferien und das Umweltzentrum bietet ein umfangreiches Programm f\u00fcr Kinder zwischen 6 und 14 Jahren. Da ist f\u00fcr jeden etwas Interessantes dabei, von Greifv\u00f6geln \u00fcber Filzen mit Wolle und die Vielfalt der Welt entdecken. Das Programm beginnt am 27. Juli 2015 und endet vier Wochen sp\u00e4ter am &hellip;<\/p>\n<\/div>","protected":false},"author":1,"featured_media":0,"comment_status":"closed","ping_status":"closed","sticky":false,"template":"","format":"standard","meta":{"footnotes":""},"categories":[1,53,72,52],"tags":[],"class_list":["post-138303","post","type-post","status-publish","format-standard","hentry","category-startseite","category-bildung","category-jugend","category-umwelt"],"_links":{"self":[{"href":"https:\/\/www.fuldaernachrichten.de\/index.php?rest_route=\/wp\/v2\/posts\/138303","targetHints":{"allow":["GET"]}}],"collection":[{"href":"https:\/\/www.fuldaernachrichten.de\/index.php?rest_route=\/wp\/v2\/posts"}],"about":[{"href":"https:\/\/www.fuldaernachrichten.de\/index.php?rest_route=\/wp\/v2\/types\/post"}],"author":[{"embeddable":true,"href":"https:\/\/www.fuldaernachrichten.de\/index.php?rest_route=\/wp\/v2\/users\/1"}],"replies":[{"embeddable":true,"href":"https:\/\/www.fuldaernachrichten.de\/index.php?rest_route=%2Fwp%2Fv2%2Fcomments&post=138303"}],"version-history":[{"count":1,"href":"https:\/\/www.fuldaernachrichten.de\/index.php?rest_route=\/wp\/v2\/posts\/138303\/revisions"}],"predecessor-version":[{"id":138306,"href":"https:\/\/www.fuldaernachrichten.de\/index.php?rest_route=\/wp\/v2\/posts\/138303\/revisions\/138306"}],"wp:attachment":[{"href":"https:\/\/www.fuldaernachrichten.de\/index.php?rest_route=%2Fwp%2Fv2%2Fmedia&parent=138303"}],"wp:term":[{"taxonomy":"category","embeddable":true,"href":"https:\/\/www.fuldaernachrichten.de\/index.php?rest_route=%2Fwp%2Fv2%2Fcategories&post=138303"},{"taxonomy":"post_tag","embeddable":true,"href":"https:\/\/www.fuldaernachrichten.de\/index.php?rest_route=%2Fwp%2Fv2%2Ftags&post=138303"}],"curies":[{"name":"wp","href":"https:\/\/api.w.org\/{rel}","templated":true}]}}