{"id":138299,"date":"2015-05-07T11:12:57","date_gmt":"2015-05-07T09:12:57","guid":{"rendered":"http:\/\/www.fuldaer-nachrichten.de\/?p=138299"},"modified":"2015-05-07T11:12:57","modified_gmt":"2015-05-07T09:12:57","slug":"hr-filmwettbewerb-meine-ausbildung-geht-in-die-endrunde-2","status":"publish","type":"post","link":"https:\/\/www.fuldaernachrichten.de\/?p=138299","title":{"rendered":"hr-Filmwettbewerb \u201eMeine Ausbildung\u201c geht in die Endrunde"},"content":{"rendered":"<p>Bereits zum siebten Mal hat der Hessische Rundfunk (hr) Sch\u00fclerinnen und Sch\u00fcler zur Teilnahme am Filmwettbewerb \u201eMeine Ausbildung \u2013 Du f\u00fchrst Regie\u201c aufgerufen. Ausger\u00fcstet mit Kamera und Mikrofon sollten die Jugendlichen einen rund siebenmin\u00fctigen Film zum Thema Ausbildung drehen. Aus \u00fcber 60 eingereichten Filmen haben Juroren \u2013 unter ihnen auch Youtube-Star Kathrin Fricke alias Coldmirror \u2013 jetzt die 18 besten ausgew\u00e4hlt.<\/p>\n<p>Qualifiziert f\u00fcr die Endrunde haben sich folgende hessische Schulen (sortiert von Nord nach S\u00fcd):<\/p>\n<p>&#8211; Martin-Luther-King-Schule, Kassel<br \/>\n&#8211; Radko-St\u00f6ckl-Schule, Melsungen<br \/>\n&#8211; Hermann-Schafft-Schule, Homberg (Efze)<br \/>\n&#8211; Oberstufengymnasium Eschwege<br \/>\n&#8211; Br\u00fcder-Grimm-Schule, Fulda<br \/>\n&#8211; Adolf-Reichwein-Schule, Neu-Anspach<br \/>\n&#8211; Heinrich-von-Gagern-Gymnasium, Frankfurt<br \/>\n&#8211; Fr\u00f6belschule, Offenbach<br \/>\n&#8211; Albert-Schweitzer-Schule, Offenbach<br \/>\n&#8211; Heinrich-Mann-Schule, Dietzenbach<br \/>\n&#8211; Adolf-Reichwein-Gymnasium, Heusenstamm<br \/>\n&#8211; Friedrich-Fr\u00f6bel-Schule, Maintal<br \/>\n&#8211; Friedrich-August-Genth-Schule, W\u00e4chtersbach<br \/>\n&#8211; Bertolt-Brecht-Schule, Darmstadt<br \/>\n&#8211; Erich-K\u00e4stner-Schule\/Bildungswerk Darmstadt<br \/>\n&#8211; Freie Christliche Schule Darmstadt e. V.<br \/>\n&#8211; Hessenwaldschule, Weiterstadt<br \/>\n&#8211; Joachim-Schumann-Schule, Babenhausen<\/p>\n<p>In diesem Jahr bietet der Wettbewerb mit neuem Konzept noch mehr Chancen: Anders als in den Jahren zuvor werden die Preise erstmals nach Kategorien vergeben. Pr\u00e4miert werden der beste Film, das beste Drehbuch, die beste schauspielerische Leistung und der beste Newcomer, au\u00dferdem gibt es einen Preis f\u00fcr Innovation und einen Preis f\u00fcr Inklusion. Die Sieger der jeweiligen Kategorie werden mit Geld- und Sachpreisen im Gesamtwert von \u00fcber 15.000 Euro pr\u00e4miert, die feierliche Preisverleihung findet am 2. Juni im Frankfurter Funkhaus am Dornbusch statt. Sie wird ab 11 Uhr unter meineausbildung.hr.de live im Internet \u00fcbertragen. Vom 13. bis 17. Juli werden alle 18 nominierten Filme zudem im hr-fernsehen ausgestrahlt.<\/p>\n<p>Veranstaltet wird der Wettbewerb \u201eMeine Ausbildung\u201c vom Hessischen Rundfunk in Zusammenarbeit mit dem Hessischen Kultusministerium, dem Sparkassen- und Giroverband Hessen-Th\u00fcringen, der Arbeitsgemeinschaft der Hessischen Handwerkskammern, der Fraport AG, der DGB-Jugend Hessen-Th\u00fcringen, dem Landesarbeitskreis kommunaler Medienzentren in Hessen e. V., Provadis (Partner f\u00fcr Bildung und Beratung GmbH) sowie der cantus-Verkehrsgesellschaft mbH. Gemeinsames Ziel ist es, mit dem Wettbewerb die Medienkompetenz der Sch\u00fcler zu f\u00f6rdern und die Bedeutung der beruflichen Ausbildung st\u00e4rker in den Fokus der Jugendlichen zu r\u00fccken. Ausf\u00fchrliche Informationen zum Wettbewerb finden sich unter meineausbildung.hr.de.<\/p>\n<p>Hinweise an die Redaktionen (nicht zur Ver\u00f6ffentlichung bestimmt):<\/p>\n<p>Sollten Sie Interesse haben, als Pressevertreter an der Preisverleihung am 2. Juni um 11 Uhr im Frankfurter Funkhaus am Dornbusch teilzunehmen, k\u00f6nnen Sie sich gerne telefonisch (069 \/ 155 4401) oder per E-Mail (marco.moeller@hr.de ) anmelden.<\/p>\n<p>F\u00fcr weitere Informationen zu den einzelnen Filmbeitr\u00e4gen aus Ihrer Region k\u00f6nnen Sie gerne die unten genannten Projektleiter der Schulen kontaktieren (sortiert von Nord nach S\u00fcd):<\/p>\n<p>Martin-Luther-King-Schule, Kassel<br \/>\nKontakt: Melanie Severin<br \/>\nTelefon: 0561\/774023<br \/>\nE-Mail: poststelle@king.kassel.schulverwaltung.hessen.de<\/p>\n<p>Radko-St\u00f6ckl-Schule, Melsungen<br \/>\nKontakt: Rainer Jaehn<br \/>\nTelefon: 05661\/92500<br \/>\nE-Mail: rainer.jaehn@radko-stoeckl-schule.de<\/p>\n<p>Hermann-Schafft-Schule, Homberg (Efze)<br \/>\nKontakt: Bianca R\u00fcter<br \/>\nTelefon: 05681\/770822<br \/>\nE-Mail: bianca.rueter@hss-homberg.de<\/p>\n<p>Oberstufengymnasium Eschwege<br \/>\nKontakt: Anna Kalden<br \/>\nTelefon: 05651\/92920<br \/>\nE-Mail: felipekrickfk@gmail.com<\/p>\n<p>Br\u00fcder-Grimm-Schule, Fulda<br \/>\nKontakt: Birgit Obel<br \/>\nTelefon: 0661\/902290<br \/>\nE-Mail: poststelle@bgs.fulda.schulverwaltung.hessen.de<\/p>\n<p>Adolf-Reichwein-Schule, Neu-Anspach<br \/>\nKontakt: Sven Weinhold<br \/>\nTelefon: 06081\/94319-0<br \/>\nE-Mail: ars-anspach@ars.hochtaunuskreis.net<\/p>\n<p>Heinrich-von-Gagern-Gymnasium, Frankfurt<br \/>\nKontakt: Heinz-Georg Ortmanns<br \/>\nTelefon: 069\/21235150<br \/>\nE-Mail: hgortmanns@iesy.net<\/p>\n<p>Fr\u00f6belschule, Offenbach<br \/>\nKontakt: Edith Gessner<br \/>\nTelefon: 069\/80652755<br \/>\nE-Mail: froebelschule@fs.schulen-offenbach.de<\/p>\n<p>Albert-Schweitzer-Schule, Offenbach<br \/>\nKontakt: Eleni Tsatsa<br \/>\nE-Mail: eleni.tsatsa@outlook.de<\/p>\n<p>Heinrich-Mann-Schule, Dietzenbach<br \/>\nKontakt: Daniel Kammermeier<br \/>\nTelefon: 06074\/917680<br \/>\nE-Mail: verwaltung@heinrich-mann-schule-dietzenbach.de<\/p>\n<p>Adolf-Reichwein-Gymnasium, Heusenstamm<br \/>\nKontakt: Tim Wendel<br \/>\nTelefon: 06104\/9623-0<br \/>\nE-Mail: schulleitung@arg-heusenstamm.de<\/p>\n<p>Friedrich-Fr\u00f6bel-Schule, Maintal<br \/>\nKontakt: Jenny Lerch<br \/>\nTelefon: 06181\/492258<br \/>\nE-Mail: poststelle@friedrich-froebel-schule.hanau.schulverwaltung.hessen.de<\/p>\n<p>Friedrich-August-Genth-Schule, W\u00e4chtersbach<br \/>\nKontakt: Leon Roskoni<br \/>\nTelefon: 06053\/61580<br \/>\nE-Mail: poststelle-genth@schule.mkk.de<\/p>\n<p>Bertolt-Brecht-Schule, Darmstadt<br \/>\nKontakt: Ralf Peters<br \/>\nTelefon: 06151\/132837<br \/>\nE-Mail: bertolt-brecht-schule@darmstadt.de<\/p>\n<p>Erich-K\u00e4stner-Schule\/Bildungswerk Darmstadt<br \/>\nKontakt: Christian Mayer<br \/>\nTelefon: 0651\/2710-0<br \/>\nE-Mail: mayer.christian@bwhw.de<\/p>\n<p>Freie Christliche Schule Darmstadt e. V.<br \/>\nKontakt: Michal Ottmar<br \/>\nTelefon: 06151\/292020<br \/>\nE-Mail: kontakt@fcsd.de<\/p>\n<p>Hessenwaldschule, Weiterstadt<br \/>\nKontakt: J\u00fcrgen Henrici<br \/>\nTelefon: 06150\/9746-0<br \/>\nE-Mail: hws_weiterstadt@schulen.ladadi.de<\/p>\n<p>Joachim-Schumann-Schule, Babenhausen<br \/>\nKontakt: Michael Gailus<br \/>\nTelefon: 06073\/72660<br \/>\nE-Mail: osbabenhausen@t-online.de<\/p>\n","protected":false},"excerpt":{"rendered":"<div class=\"tmnf_excerpt\"><p>Bereits zum siebten Mal hat der Hessische Rundfunk (hr) Sch\u00fclerinnen und Sch\u00fcler zur Teilnahme am Filmwettbewerb \u201eMeine Ausbildung \u2013 Du f\u00fchrst Regie\u201c aufgerufen. Ausger\u00fcstet mit Kamera und Mikrofon sollten die Jugendlichen einen rund siebenmin\u00fctigen Film zum Thema Ausbildung drehen. Aus \u00fcber 60 eingereichten Filmen haben Juroren \u2013 unter ihnen auch Youtube-Star Kathrin Fricke alias Coldmirror &hellip;<\/p>\n<\/div>","protected":false},"author":1,"featured_media":0,"comment_status":"closed","ping_status":"closed","sticky":false,"template":"","format":"standard","meta":{"footnotes":""},"categories":[1,53],"tags":[],"class_list":["post-138299","post","type-post","status-publish","format-standard","hentry","category-startseite","category-bildung"],"_links":{"self":[{"href":"https:\/\/www.fuldaernachrichten.de\/index.php?rest_route=\/wp\/v2\/posts\/138299","targetHints":{"allow":["GET"]}}],"collection":[{"href":"https:\/\/www.fuldaernachrichten.de\/index.php?rest_route=\/wp\/v2\/posts"}],"about":[{"href":"https:\/\/www.fuldaernachrichten.de\/index.php?rest_route=\/wp\/v2\/types\/post"}],"author":[{"embeddable":true,"href":"https:\/\/www.fuldaernachrichten.de\/index.php?rest_route=\/wp\/v2\/users\/1"}],"replies":[{"embeddable":true,"href":"https:\/\/www.fuldaernachrichten.de\/index.php?rest_route=%2Fwp%2Fv2%2Fcomments&post=138299"}],"version-history":[{"count":1,"href":"https:\/\/www.fuldaernachrichten.de\/index.php?rest_route=\/wp\/v2\/posts\/138299\/revisions"}],"predecessor-version":[{"id":138304,"href":"https:\/\/www.fuldaernachrichten.de\/index.php?rest_route=\/wp\/v2\/posts\/138299\/revisions\/138304"}],"wp:attachment":[{"href":"https:\/\/www.fuldaernachrichten.de\/index.php?rest_route=%2Fwp%2Fv2%2Fmedia&parent=138299"}],"wp:term":[{"taxonomy":"category","embeddable":true,"href":"https:\/\/www.fuldaernachrichten.de\/index.php?rest_route=%2Fwp%2Fv2%2Fcategories&post=138299"},{"taxonomy":"post_tag","embeddable":true,"href":"https:\/\/www.fuldaernachrichten.de\/index.php?rest_route=%2Fwp%2Fv2%2Ftags&post=138299"}],"curies":[{"name":"wp","href":"https:\/\/api.w.org\/{rel}","templated":true}]}}