{"id":138293,"date":"2015-05-07T11:10:37","date_gmt":"2015-05-07T09:10:37","guid":{"rendered":"http:\/\/www.fuldaer-nachrichten.de\/?p=138293"},"modified":"2015-05-07T11:10:37","modified_gmt":"2015-05-07T09:10:37","slug":"gruene-unabhaengiges-gremium-bilden","status":"publish","type":"post","link":"https:\/\/www.fuldaernachrichten.de\/?p=138293","title":{"rendered":"GR\u00dcNE: Unabh\u00e4ngiges Gremium bilden"},"content":{"rendered":"<p>Die GR\u00dcNE-Fraktion begr\u00fc\u00dft, dass ExpertInnen das Wirken des langj\u00e4hrigen Fuldaer Oberb\u00fcrgermeisters Franz Danzebrink untersuchen werden. Die GR\u00dcNEN haben jedoch ein gro\u00dfes Interesse daran, dass diese Menschen unabh\u00e4ngig sind. \u201cFranz Danzebrink wurde urspr\u00fcnglich vom Zentrum gew\u00e4hlt \u2013 darauf wird auch auf der Website der Stadt Fulda hingewiesen; dass er 1937 der NSDAP beitrat, wird hingegen nicht erw\u00e4hnt. Da die CDU sich selber als Nachfolgepartei des Zentrums sieht, sollte tunlichst vermieden werden, ein CDU dominiertes Gremium mit der Untersuchung und Bewertung des Wirkens von Dr. Danzebrink zu berufen\u00e2\u20ac\u009d, geben die GR\u00dcNEN zu bedenken.<\/p>\n<p>Schlie\u00dflich habe der Ehrenvorsitzende der CDU\/CSU-Bundestagsfraktion Dr. Alfred Dregger (1920 \u2013 2002) als Fuldaer Oberb\u00fcrgermeister (1956 \u2013 1970) am Samstag, 16. Januar 1960, drei Tage nach dem Tode seines Vorvorg\u00e4ngers, ihm zu Ehren die Flaggen auf dem Stadtschloss auf halbmast gesetzt (vgl. Fuldaer Volkszeitung, 19.01.1960, S. 6). \u201c1964 \u2013 Fulda wurde von einem CDU Oberb\u00fcrgermeister regiert, auch die Stadtverordnetenversammlung war CDU dominiert \u2013, wurde ihm zu Ehren die Stra\u00dfe am Aschenberg Dr.-Danzebrink-Stra\u00dfe genannt. Auch von daher scheint es uns angebracht, ein unabh\u00e4ngiges Gremium zu berufen und die Auswahl der Experten und Expertinnen auf eine breite Basis zu stellen\u00e2\u20ac\u009d, betonen die GR\u00dcNEN abschlie\u00dfend.<\/p>\n","protected":false},"excerpt":{"rendered":"<div class=\"tmnf_excerpt\"><p>Die GR\u00dcNE-Fraktion begr\u00fc\u00dft, dass ExpertInnen das Wirken des langj\u00e4hrigen Fuldaer Oberb\u00fcrgermeisters Franz Danzebrink untersuchen werden. Die GR\u00dcNEN haben jedoch ein gro\u00dfes Interesse daran, dass diese Menschen unabh\u00e4ngig sind. \u201cFranz Danzebrink wurde urspr\u00fcnglich vom Zentrum gew\u00e4hlt \u2013 darauf wird auch auf der Website der Stadt Fulda hingewiesen; dass er 1937 der NSDAP beitrat, wird hingegen nicht &hellip;<\/p>\n<\/div>","protected":false},"author":1,"featured_media":0,"comment_status":"closed","ping_status":"closed","sticky":false,"template":"","format":"standard","meta":{"footnotes":""},"categories":[1,29],"tags":[],"class_list":["post-138293","post","type-post","status-publish","format-standard","hentry","category-startseite","category-politik"],"_links":{"self":[{"href":"https:\/\/www.fuldaernachrichten.de\/index.php?rest_route=\/wp\/v2\/posts\/138293","targetHints":{"allow":["GET"]}}],"collection":[{"href":"https:\/\/www.fuldaernachrichten.de\/index.php?rest_route=\/wp\/v2\/posts"}],"about":[{"href":"https:\/\/www.fuldaernachrichten.de\/index.php?rest_route=\/wp\/v2\/types\/post"}],"author":[{"embeddable":true,"href":"https:\/\/www.fuldaernachrichten.de\/index.php?rest_route=\/wp\/v2\/users\/1"}],"replies":[{"embeddable":true,"href":"https:\/\/www.fuldaernachrichten.de\/index.php?rest_route=%2Fwp%2Fv2%2Fcomments&post=138293"}],"version-history":[{"count":1,"href":"https:\/\/www.fuldaernachrichten.de\/index.php?rest_route=\/wp\/v2\/posts\/138293\/revisions"}],"predecessor-version":[{"id":138295,"href":"https:\/\/www.fuldaernachrichten.de\/index.php?rest_route=\/wp\/v2\/posts\/138293\/revisions\/138295"}],"wp:attachment":[{"href":"https:\/\/www.fuldaernachrichten.de\/index.php?rest_route=%2Fwp%2Fv2%2Fmedia&parent=138293"}],"wp:term":[{"taxonomy":"category","embeddable":true,"href":"https:\/\/www.fuldaernachrichten.de\/index.php?rest_route=%2Fwp%2Fv2%2Fcategories&post=138293"},{"taxonomy":"post_tag","embeddable":true,"href":"https:\/\/www.fuldaernachrichten.de\/index.php?rest_route=%2Fwp%2Fv2%2Ftags&post=138293"}],"curies":[{"name":"wp","href":"https:\/\/api.w.org\/{rel}","templated":true}]}}