{"id":138290,"date":"2015-05-07T11:10:12","date_gmt":"2015-05-07T09:10:12","guid":{"rendered":"http:\/\/www.fuldaer-nachrichten.de\/?p=138290"},"modified":"2015-05-07T11:10:12","modified_gmt":"2015-05-07T09:10:12","slug":"dankeschoen-tag-fuer-und-mit-ehrenamtlichen","status":"publish","type":"post","link":"https:\/\/www.fuldaernachrichten.de\/?p=138290","title":{"rendered":"Dankesch\u00f6n &#8211; Tag f\u00fcr und mit Ehrenamtlichen"},"content":{"rendered":"<p>Ohne Ehrenamtliche k\u00f6nnen viele Angebote und Dienstleistungen in unserer heutigen Gesellschaft nicht mehr erbracht werden. \u201eWenn wir dich nicht h\u00e4tten\u00e2\u20ac\u00a6\u201c, so ein Titel, zeigt den gesellschaftlichen Wert, wenn es auch manchmal an der notwendigen und angemessenen Anerkennung fehlt.<\/p>\n<p>\u201eGemeinsam auf dem Weg\u201c, lautet die Einladung von Antoniusheim Fulda, Caritasverband f\u00fcr die Regionen Fulda und Geisa e.V., Diakonie im Kirchenkreis Fulda, Fachstelle f\u00fcr B\u00fcchereiarbeit\/ Bibliothek des Bisch\u00f6flichen Priesterseminar, \u00d6kumenische Bahnhofsmission und Sozialdienst katholischer Frauen Fulda zu einem Dankesch\u00f6n \u2013 Tag f\u00fcr ehrenamtliche Mitarbeiterinnen und Mitarbeiter am 30. Mai 2015. Gleichzeitig k\u00f6nnen sich interessierte Menschen \u00fcber die verschiedenen Aufgabenfelder ehrenamtlicher Arbeit informieren. Der Tag beginnt um 14 Uhr mit einer Andacht in der Marienkapelle im Fuldaer Dom, anschlie\u00dfend besteht ab 15 Uhr in Bisch\u00f6flichen Priesterseminar, Eduard \u2013 Schick \u2013 Platz 5, 36037 Fulda Zeit zum Gespr\u00e4ch und Austausch.<\/p>\n<p>F\u00fcr das Rahmenprogramm ab 16 Uhr mit den Angeboten: F\u00fchrung durch das Institut Bibliotheca Fuldensis, Planetarium im Vonderau \u2013 Museum, \u00d6kumenische Bahnhofsmission Fulda \u2013 Begegnung am Bahnhof, Kreativit\u00e4t und handwerkliches Geschick gefragt!, Lesung \u2013 \u201eGeschichten am Wegesrand\u201c und Unerwartete Sch\u00e4tze im neuen Gotteslob ist wegen der begrenzten Teilnehmerzahl eine Anmeldung bis zum 15. Mai n\u00f6tig.<\/p>\n<p>Ansprechpartnerin: Dipl. &#8211; Sozialarbeiterin Janina W\u00fcbbelsmann, Wilhelmstra\u00dfe 8, 36037 Fulda, janina.wuebbelsmann@caritas-fulda.de; 0661\/ 2428315 oder Elsa Gebru, Tel.: 0661\/ 2428370, elsa.gebru@caritas-fulda.de<\/p>\n","protected":false},"excerpt":{"rendered":"<div class=\"tmnf_excerpt\"><p>Ohne Ehrenamtliche k\u00f6nnen viele Angebote und Dienstleistungen in unserer heutigen Gesellschaft nicht mehr erbracht werden. \u201eWenn wir dich nicht h\u00e4tten\u00e2\u20ac\u00a6\u201c, so ein Titel, zeigt den gesellschaftlichen Wert, wenn es auch manchmal an der notwendigen und angemessenen Anerkennung fehlt. \u201eGemeinsam auf dem Weg\u201c, lautet die Einladung von Antoniusheim Fulda, Caritasverband f\u00fcr die Regionen Fulda und Geisa &hellip;<\/p>\n<\/div>","protected":false},"author":1,"featured_media":138291,"comment_status":"closed","ping_status":"closed","sticky":false,"template":"","format":"standard","meta":{"footnotes":""},"categories":[1],"tags":[],"class_list":["post-138290","post","type-post","status-publish","format-standard","has-post-thumbnail","hentry","category-startseite"],"_links":{"self":[{"href":"https:\/\/www.fuldaernachrichten.de\/index.php?rest_route=\/wp\/v2\/posts\/138290","targetHints":{"allow":["GET"]}}],"collection":[{"href":"https:\/\/www.fuldaernachrichten.de\/index.php?rest_route=\/wp\/v2\/posts"}],"about":[{"href":"https:\/\/www.fuldaernachrichten.de\/index.php?rest_route=\/wp\/v2\/types\/post"}],"author":[{"embeddable":true,"href":"https:\/\/www.fuldaernachrichten.de\/index.php?rest_route=\/wp\/v2\/users\/1"}],"replies":[{"embeddable":true,"href":"https:\/\/www.fuldaernachrichten.de\/index.php?rest_route=%2Fwp%2Fv2%2Fcomments&post=138290"}],"version-history":[{"count":1,"href":"https:\/\/www.fuldaernachrichten.de\/index.php?rest_route=\/wp\/v2\/posts\/138290\/revisions"}],"predecessor-version":[{"id":138292,"href":"https:\/\/www.fuldaernachrichten.de\/index.php?rest_route=\/wp\/v2\/posts\/138290\/revisions\/138292"}],"wp:featuredmedia":[{"embeddable":true,"href":"https:\/\/www.fuldaernachrichten.de\/index.php?rest_route=\/wp\/v2\/media\/138291"}],"wp:attachment":[{"href":"https:\/\/www.fuldaernachrichten.de\/index.php?rest_route=%2Fwp%2Fv2%2Fmedia&parent=138290"}],"wp:term":[{"taxonomy":"category","embeddable":true,"href":"https:\/\/www.fuldaernachrichten.de\/index.php?rest_route=%2Fwp%2Fv2%2Fcategories&post=138290"},{"taxonomy":"post_tag","embeddable":true,"href":"https:\/\/www.fuldaernachrichten.de\/index.php?rest_route=%2Fwp%2Fv2%2Ftags&post=138290"}],"curies":[{"name":"wp","href":"https:\/\/api.w.org\/{rel}","templated":true}]}}