{"id":13829,"date":"2008-11-12T00:45:21","date_gmt":"2008-11-11T23:45:21","guid":{"rendered":"http:\/\/www.schoene-nachrichten.de\/?p=13829"},"modified":"2008-11-11T20:06:38","modified_gmt":"2008-11-11T19:06:38","slug":"termine-fuer-huenfelder-jugendveranstaltungen-stehen-fest","status":"publish","type":"post","link":"https:\/\/www.fuldaernachrichten.de\/?p=13829","title":{"rendered":"Termine f\u00fcr H\u00fcnfelder Jugendveranstaltungen stehen fest"},"content":{"rendered":"<p><strong>H\u00fcnfeld.<\/strong> Die Termine f\u00fcr die Jugendveranstaltungen der Stadt H\u00fcnfeld im kommenden Jahr sind jetzt festgelegt worden. Wie B\u00fcrgermeister Dr. Eberhard Fennel dazu mitteilt, finden die beiden Ferien-Aktiv-Wochen vom 20. bis 24. Juli, sowie vom 10. bis 14. August im Jugendg\u00e4stehaus der Stadt H\u00fcnfeld statt. Dieses Angebot richtet sich vor allem an Kinder im Alter von acht bis zw\u00f6lf Jahren, die w\u00e4hrend der Aktivwochen gemeinsam basteln, spielen und Ausfl\u00fcge unternehmen wollen. <!--more--><\/p>\n<p>Der Tagesausflug in einen Ferienpark f\u00fcr Jugendliche im Alter von 13 bis 15 Jahren ist f\u00fcr Mittwoch, 29. Juli, geplant. Das Ziel steht noch nicht endg\u00fcltig fest. Schlie\u00dflich wird es auch ein weiteres Night-Street-Ball Turnier in der Kreissporthalle geben, das die Stadt H\u00fcnfeld in Verbindung mit der Kommission f\u00fcr Kinder- und Jugendangelegenheiten unter Vorsitz von Erster Stadtr\u00e4tin Monika Mihm und der Basketballabteilung des H\u00fcnfelder Sportvereins mit Unterst\u00fctzung von Lehrern der Jahn- und Wigbert-Schule ausrichten wird. Der Termin ist Freitag, 25. September 2009. Anmeldungen f\u00fcr die beiden Ferienaktivwochen sowie den Tagesausflug werden ab dem 12. Januar im H\u00fcnfelder Rathaus entgegengenommen.<\/p>\n","protected":false},"excerpt":{"rendered":"<div class=\"tmnf_excerpt\"><p>H\u00fcnfeld. Die Termine f\u00fcr die Jugendveranstaltungen der Stadt H\u00fcnfeld im kommenden Jahr sind jetzt festgelegt worden. Wie B\u00fcrgermeister Dr. Eberhard Fennel dazu mitteilt, finden die beiden Ferien-Aktiv-Wochen vom 20. bis 24. Juli, sowie vom 10. bis 14. August im Jugendg\u00e4stehaus der Stadt H\u00fcnfeld statt. Dieses Angebot richtet sich vor allem an Kinder im Alter von &hellip;<\/p>\n<\/div>","protected":false},"author":1,"featured_media":0,"comment_status":"closed","ping_status":"closed","sticky":false,"template":"","format":"standard","meta":{"footnotes":""},"categories":[1,72,46],"tags":[],"class_list":["post-13829","post","type-post","status-publish","format-standard","hentry","category-startseite","category-jugend","category-sport"],"_links":{"self":[{"href":"https:\/\/www.fuldaernachrichten.de\/index.php?rest_route=\/wp\/v2\/posts\/13829","targetHints":{"allow":["GET"]}}],"collection":[{"href":"https:\/\/www.fuldaernachrichten.de\/index.php?rest_route=\/wp\/v2\/posts"}],"about":[{"href":"https:\/\/www.fuldaernachrichten.de\/index.php?rest_route=\/wp\/v2\/types\/post"}],"author":[{"embeddable":true,"href":"https:\/\/www.fuldaernachrichten.de\/index.php?rest_route=\/wp\/v2\/users\/1"}],"replies":[{"embeddable":true,"href":"https:\/\/www.fuldaernachrichten.de\/index.php?rest_route=%2Fwp%2Fv2%2Fcomments&post=13829"}],"version-history":[{"count":3,"href":"https:\/\/www.fuldaernachrichten.de\/index.php?rest_route=\/wp\/v2\/posts\/13829\/revisions"}],"predecessor-version":[{"id":13866,"href":"https:\/\/www.fuldaernachrichten.de\/index.php?rest_route=\/wp\/v2\/posts\/13829\/revisions\/13866"}],"wp:attachment":[{"href":"https:\/\/www.fuldaernachrichten.de\/index.php?rest_route=%2Fwp%2Fv2%2Fmedia&parent=13829"}],"wp:term":[{"taxonomy":"category","embeddable":true,"href":"https:\/\/www.fuldaernachrichten.de\/index.php?rest_route=%2Fwp%2Fv2%2Fcategories&post=13829"},{"taxonomy":"post_tag","embeddable":true,"href":"https:\/\/www.fuldaernachrichten.de\/index.php?rest_route=%2Fwp%2Fv2%2Ftags&post=13829"}],"curies":[{"name":"wp","href":"https:\/\/api.w.org\/{rel}","templated":true}]}}