{"id":138282,"date":"2015-05-06T20:54:56","date_gmt":"2015-05-06T18:54:56","guid":{"rendered":"http:\/\/www.fuldaer-nachrichten.de\/?p=138282"},"modified":"2015-05-06T20:54:56","modified_gmt":"2015-05-06T18:54:56","slug":"arbeitskreis-schule-wirtschaft%e2%80%a8zu-besuch-bei-tegut","status":"publish","type":"post","link":"https:\/\/www.fuldaernachrichten.de\/?p=138282","title":{"rendered":"Arbeitskreis Schule-Wirtschaft\u00e2\u20ac\u00a8zu Besuch bei tegut\u00e2\u20ac\u00a6"},"content":{"rendered":"<p>Zu einem Blick hinter die Kulissen des Fuldaer Handelsunternehmens tegut\u00e2\u20ac\u00a6 l\u00e4dt das Team des Arbeitskreises Schule-Wirtschaft am Dienstag, 19. Mai um 15.00 Uhr in die Abteilung Zentrale Dienste, Gerloser Weg 72, ein. Treffpunkt ist der Raum Wasserkuppe im dritten Obergeschoss.<br \/>\nAls Mitglied der Gesch\u00e4ftsleitung wird Karl-Heinz Brand die Unternehmensstruktur darstellen. Weitere Themen sind die Ausbildungsm\u00f6glichkeiten bei tegut\u00e2\u20ac\u00a6. und die Vorteile des Self-Scanning-Verfahrens \u201eFlux\u201c. Abgerundet wird die Veranstaltung durch eine Markf\u00fchrung in der Filiale Kaiserwiesen.<br \/>\nInteressierte k\u00f6nnen sich bis Freitag, 15. Mai per Mail unter post@agv-fulda.de zu dieser Veranstaltung anmelden.<\/p>\n","protected":false},"excerpt":{"rendered":"<div class=\"tmnf_excerpt\"><p>Zu einem Blick hinter die Kulissen des Fuldaer Handelsunternehmens tegut\u00e2\u20ac\u00a6 l\u00e4dt das Team des Arbeitskreises Schule-Wirtschaft am Dienstag, 19. Mai um 15.00 Uhr in die Abteilung Zentrale Dienste, Gerloser Weg 72, ein. Treffpunkt ist der Raum Wasserkuppe im dritten Obergeschoss. Als Mitglied der Gesch\u00e4ftsleitung wird Karl-Heinz Brand die Unternehmensstruktur darstellen. Weitere Themen sind die Ausbildungsm\u00f6glichkeiten &hellip;<\/p>\n<\/div>","protected":false},"author":1,"featured_media":0,"comment_status":"closed","ping_status":"closed","sticky":false,"template":"","format":"standard","meta":{"footnotes":""},"categories":[1,53],"tags":[],"class_list":["post-138282","post","type-post","status-publish","format-standard","hentry","category-startseite","category-bildung"],"_links":{"self":[{"href":"https:\/\/www.fuldaernachrichten.de\/index.php?rest_route=\/wp\/v2\/posts\/138282","targetHints":{"allow":["GET"]}}],"collection":[{"href":"https:\/\/www.fuldaernachrichten.de\/index.php?rest_route=\/wp\/v2\/posts"}],"about":[{"href":"https:\/\/www.fuldaernachrichten.de\/index.php?rest_route=\/wp\/v2\/types\/post"}],"author":[{"embeddable":true,"href":"https:\/\/www.fuldaernachrichten.de\/index.php?rest_route=\/wp\/v2\/users\/1"}],"replies":[{"embeddable":true,"href":"https:\/\/www.fuldaernachrichten.de\/index.php?rest_route=%2Fwp%2Fv2%2Fcomments&post=138282"}],"version-history":[{"count":1,"href":"https:\/\/www.fuldaernachrichten.de\/index.php?rest_route=\/wp\/v2\/posts\/138282\/revisions"}],"predecessor-version":[{"id":138284,"href":"https:\/\/www.fuldaernachrichten.de\/index.php?rest_route=\/wp\/v2\/posts\/138282\/revisions\/138284"}],"wp:attachment":[{"href":"https:\/\/www.fuldaernachrichten.de\/index.php?rest_route=%2Fwp%2Fv2%2Fmedia&parent=138282"}],"wp:term":[{"taxonomy":"category","embeddable":true,"href":"https:\/\/www.fuldaernachrichten.de\/index.php?rest_route=%2Fwp%2Fv2%2Fcategories&post=138282"},{"taxonomy":"post_tag","embeddable":true,"href":"https:\/\/www.fuldaernachrichten.de\/index.php?rest_route=%2Fwp%2Fv2%2Ftags&post=138282"}],"curies":[{"name":"wp","href":"https:\/\/api.w.org\/{rel}","templated":true}]}}