{"id":138275,"date":"2015-05-06T20:54:04","date_gmt":"2015-05-06T18:54:04","guid":{"rendered":"http:\/\/www.fuldaer-nachrichten.de\/?p=138275"},"modified":"2015-05-06T20:54:04","modified_gmt":"2015-05-06T18:54:04","slug":"jugendschola-und-jugendband-petersberg-veranstalten-konzert-am-10-05-15","status":"publish","type":"post","link":"https:\/\/www.fuldaernachrichten.de\/?p=138275","title":{"rendered":"Jugendschola und Jugendband Petersberg veranstalten Konzert am 10.05.15"},"content":{"rendered":"<p><a href=\"http:\/\/www.fuldaer-nachrichten.de\/wp-content\/uploads\/2015\/05\/PM-konzert-1.jpg\"><img decoding=\"async\" class=\"alignleft size-medium wp-image-138280\" src=\"http:\/\/www.fuldaer-nachrichten.de\/wp-content\/uploads\/2015\/05\/PM-konzert-1-265x177.jpg\" alt=\"PM konzert 1\" width=\"265\" height=\"177\" srcset=\"https:\/\/www.fuldaernachrichten.de\/wp-content\/uploads\/2015\/05\/PM-konzert-1-265x177.jpg 265w, https:\/\/www.fuldaernachrichten.de\/wp-content\/uploads\/2015\/05\/PM-konzert-1-600x400.jpg 600w, https:\/\/www.fuldaernachrichten.de\/wp-content\/uploads\/2015\/05\/PM-konzert-1.jpg 900w\" sizes=\"(max-width: 265px) 100vw, 265px\" \/><\/a>Am kommenden Sonntag findet um 17.00 Uhr ein Konzert der Jugendschola Petersberg und der Jugendband Petersberg im Pfarrsaal der katholischen Pfarrgemeinde St. Paulus\/Ziehers Nord in der Goerdelerstra\u00dfe 20 statt.<\/p>\n<p>Zu h\u00f6ren ist ein abwechslungsreiches Programm aus christlichen Pop-, Rock und Gospelsongs.<br \/>\n\u201eIch freue mich schon riesig auf das gemeinsame Konzert unseres Jugendchores mit der Band\u201c, sagt die 17j\u00e4hrige Gesa Dargatz, \u201ees ist toll, dass wir nicht nur unseren Spa\u00df an der Musik teilen, sondern auch noch etwas Gutes tun.<\/p>\n<p>Denn am Ende des Konzerts wird f\u00fcr die Sozialarbeit an der Pfarrhaust\u00fcr gesammelt, da immer wieder Menschen dort nach unkomplizierter finanzieller Unterst\u00fctzung fragen. Im Anschluss gibt es Grillw\u00fcrstchen und Getr\u00e4nke auf dem Pfarrhof. Weitere Informationen gibt es im Pfarrb\u00fcro der katholischen Pfarrgemeinde St. Paulus unter 0661-62477.<\/p>\n","protected":false},"excerpt":{"rendered":"<div class=\"tmnf_excerpt\"><p>Am kommenden Sonntag findet um 17.00 Uhr ein Konzert der Jugendschola Petersberg und der Jugendband Petersberg im Pfarrsaal der katholischen Pfarrgemeinde St. Paulus\/Ziehers Nord in der Goerdelerstra\u00dfe 20 statt. Zu h\u00f6ren ist ein abwechslungsreiches Programm aus christlichen Pop-, Rock und Gospelsongs. \u201eIch freue mich schon riesig auf das gemeinsame Konzert unseres Jugendchores mit der Band\u201c, &hellip;<\/p>\n<\/div>","protected":false},"author":1,"featured_media":138278,"comment_status":"closed","ping_status":"closed","sticky":false,"template":"","format":"standard","meta":{"footnotes":""},"categories":[1],"tags":[],"class_list":["post-138275","post","type-post","status-publish","format-standard","has-post-thumbnail","hentry","category-startseite"],"_links":{"self":[{"href":"https:\/\/www.fuldaernachrichten.de\/index.php?rest_route=\/wp\/v2\/posts\/138275","targetHints":{"allow":["GET"]}}],"collection":[{"href":"https:\/\/www.fuldaernachrichten.de\/index.php?rest_route=\/wp\/v2\/posts"}],"about":[{"href":"https:\/\/www.fuldaernachrichten.de\/index.php?rest_route=\/wp\/v2\/types\/post"}],"author":[{"embeddable":true,"href":"https:\/\/www.fuldaernachrichten.de\/index.php?rest_route=\/wp\/v2\/users\/1"}],"replies":[{"embeddable":true,"href":"https:\/\/www.fuldaernachrichten.de\/index.php?rest_route=%2Fwp%2Fv2%2Fcomments&post=138275"}],"version-history":[{"count":1,"href":"https:\/\/www.fuldaernachrichten.de\/index.php?rest_route=\/wp\/v2\/posts\/138275\/revisions"}],"predecessor-version":[{"id":138281,"href":"https:\/\/www.fuldaernachrichten.de\/index.php?rest_route=\/wp\/v2\/posts\/138275\/revisions\/138281"}],"wp:featuredmedia":[{"embeddable":true,"href":"https:\/\/www.fuldaernachrichten.de\/index.php?rest_route=\/wp\/v2\/media\/138278"}],"wp:attachment":[{"href":"https:\/\/www.fuldaernachrichten.de\/index.php?rest_route=%2Fwp%2Fv2%2Fmedia&parent=138275"}],"wp:term":[{"taxonomy":"category","embeddable":true,"href":"https:\/\/www.fuldaernachrichten.de\/index.php?rest_route=%2Fwp%2Fv2%2Fcategories&post=138275"},{"taxonomy":"post_tag","embeddable":true,"href":"https:\/\/www.fuldaernachrichten.de\/index.php?rest_route=%2Fwp%2Fv2%2Ftags&post=138275"}],"curies":[{"name":"wp","href":"https:\/\/api.w.org\/{rel}","templated":true}]}}