{"id":138261,"date":"2015-05-06T13:42:49","date_gmt":"2015-05-06T11:42:49","guid":{"rendered":"http:\/\/www.fuldaer-nachrichten.de\/?p=138261"},"modified":"2015-05-06T13:42:49","modified_gmt":"2015-05-06T11:42:49","slug":"vorsitz-der-arge-rhoen-wechselt-nach-bad-kissingen","status":"publish","type":"post","link":"https:\/\/www.fuldaernachrichten.de\/?p=138261","title":{"rendered":"Vorsitz der ARGE Rh\u00f6n wechselt nach   Bad Kissingen"},"content":{"rendered":"<p>Der Vorsitz der Regionalen Arbeitsgemeinschaft (ARGE) Rh\u00f6n hat mit Beginn dieses Jahres turnusgem\u00e4\u00df vom Landkreis Schmalkalden-Meiningen an den Landkreis Bad Kissingen gewechselt. Jetzt erfolgte im Rahmen eines Treffens der Landr\u00e4te der Rh\u00f6nlandkreise die offizielle \u00dcbergabe des Staffelstabes an den neuen Vorsitzenden, Bad Kissingens Landrat Thomas Bold.<\/p>\n<p>Thomas Bold wird dem L\u00e4nder \u00fcbergreifenden Gremium bis zum Ende des Jahres 2016 vorstehen. Zum Gesch\u00e4ftsf\u00fchrer f\u00fcr die kommenden zwei Jahre wurde J\u00fcrgen Metz, Leiter der Stabsstelle B\u00fcro des Landrats, \u00d6ffentlichkeitsarbeit, Kreisentwicklung und Wirtschaftsf\u00f6rderung im Landratsamt Bad Kissingen, bestellt. Der ARGE Rh\u00f6n geh\u00f6ren die f\u00fcnf Landkreise Bad Kissingen, Fulda, Rh\u00f6n-Grabfeld, Schmalkalden-Meiningen und Wartburgkreis sowie das Rh\u00f6nforum e.V. in Geisa, der Verein Natur- und Lebensraum Rh\u00f6n e.V. Gersfeld\/Wasserkuppe und der Verein Naturpark und Biosph\u00e4renreservat Bayerische Rh\u00f6n e.V. mit Sitz in Oberelsbach an.<\/p>\n<p>\u201eUnseren Arbeitsschwerpunkt in den kommenden beiden Jahren sehe ich ganz klar in der Umsetzung der neuen Tourismusstruktur, die von uns als ARGE Rh\u00f6n in Auftrag gegeben wurde\u201c, sagte Bad Kissingens Landrat Thomas Bold w\u00e4hrend der \u00dcbergabe des symbolischen Staffelstabes. In einer erfolgreichen Neustrukturierung des Tourismus liegt laut Gesch\u00e4ftsf\u00fchrer J\u00fcrgen Metz eine Chance, die Rh\u00f6n einheitlich nach au\u00dfen zu vermarkten. \u201eWir brauchen eine bessere L\u00e4nder \u00fcbergreifende Zusammenarbeit, ein einheitlicheres Denken und touristische Alleinstellungsmerkmale, um die Region als touristische Destination voranzubringen\u201c, hob Metz hervor. Das Hauptbet\u00e4tigungsfeld im Tourismus der Rh\u00f6n bleibe sicherlich das Wandern, aber man d\u00fcrfe auch andere Bereiche wie beispielsweise das Mountainbiking nicht ausblenden.<\/p>\n<p>Auch am Rh\u00f6ner Premiumwanderweg \u201eHOCHRH\u00d6NER\u201c, dem momentanen Flaggschiff im Tourismus der Mittelgebirgsregion, gehe die Arbeit sukzessive weiter. Das betreffe die Einrichtung weiterer Extratouren sowie die Ausstattung des Weges mit Schutzh\u00fctten, Sitzb\u00e4nken und Info-Tafeln, hie\u00df es. Im kommenden Jahr wird der \u201eHOCHRH\u00d6NER\u201c \u00fcbrigens zehn Jahre alt \u2013 dieses Jubil\u00e4um wolle man geb\u00fchrend feiern.<\/p>\n","protected":false},"excerpt":{"rendered":"<div class=\"tmnf_excerpt\"><p>Der Vorsitz der Regionalen Arbeitsgemeinschaft (ARGE) Rh\u00f6n hat mit Beginn dieses Jahres turnusgem\u00e4\u00df vom Landkreis Schmalkalden-Meiningen an den Landkreis Bad Kissingen gewechselt. Jetzt erfolgte im Rahmen eines Treffens der Landr\u00e4te der Rh\u00f6nlandkreise die offizielle \u00dcbergabe des Staffelstabes an den neuen Vorsitzenden, Bad Kissingens Landrat Thomas Bold. Thomas Bold wird dem L\u00e4nder \u00fcbergreifenden Gremium bis zum &hellip;<\/p>\n<\/div>","protected":false},"author":1,"featured_media":138265,"comment_status":"closed","ping_status":"closed","sticky":false,"template":"","format":"standard","meta":{"footnotes":""},"categories":[1,29],"tags":[],"class_list":["post-138261","post","type-post","status-publish","format-standard","has-post-thumbnail","hentry","category-startseite","category-politik"],"_links":{"self":[{"href":"https:\/\/www.fuldaernachrichten.de\/index.php?rest_route=\/wp\/v2\/posts\/138261","targetHints":{"allow":["GET"]}}],"collection":[{"href":"https:\/\/www.fuldaernachrichten.de\/index.php?rest_route=\/wp\/v2\/posts"}],"about":[{"href":"https:\/\/www.fuldaernachrichten.de\/index.php?rest_route=\/wp\/v2\/types\/post"}],"author":[{"embeddable":true,"href":"https:\/\/www.fuldaernachrichten.de\/index.php?rest_route=\/wp\/v2\/users\/1"}],"replies":[{"embeddable":true,"href":"https:\/\/www.fuldaernachrichten.de\/index.php?rest_route=%2Fwp%2Fv2%2Fcomments&post=138261"}],"version-history":[{"count":1,"href":"https:\/\/www.fuldaernachrichten.de\/index.php?rest_route=\/wp\/v2\/posts\/138261\/revisions"}],"predecessor-version":[{"id":138266,"href":"https:\/\/www.fuldaernachrichten.de\/index.php?rest_route=\/wp\/v2\/posts\/138261\/revisions\/138266"}],"wp:featuredmedia":[{"embeddable":true,"href":"https:\/\/www.fuldaernachrichten.de\/index.php?rest_route=\/wp\/v2\/media\/138265"}],"wp:attachment":[{"href":"https:\/\/www.fuldaernachrichten.de\/index.php?rest_route=%2Fwp%2Fv2%2Fmedia&parent=138261"}],"wp:term":[{"taxonomy":"category","embeddable":true,"href":"https:\/\/www.fuldaernachrichten.de\/index.php?rest_route=%2Fwp%2Fv2%2Fcategories&post=138261"},{"taxonomy":"post_tag","embeddable":true,"href":"https:\/\/www.fuldaernachrichten.de\/index.php?rest_route=%2Fwp%2Fv2%2Ftags&post=138261"}],"curies":[{"name":"wp","href":"https:\/\/api.w.org\/{rel}","templated":true}]}}