{"id":138256,"date":"2015-05-06T13:30:44","date_gmt":"2015-05-06T11:30:44","guid":{"rendered":"http:\/\/www.fuldaer-nachrichten.de\/?p=138256"},"modified":"2015-05-06T13:30:44","modified_gmt":"2015-05-06T11:30:44","slug":"heizenergieabend-im-umweltzentrum-7","status":"publish","type":"post","link":"https:\/\/www.fuldaernachrichten.de\/?p=138256","title":{"rendered":"Heizenergieabend im Umweltzentrum"},"content":{"rendered":"<p>Referent Thorsten Bappert von der Firma Brehl informiert am Mittwoch, den 13. Mai 2015 um 19:00 Uhr im Umweltzentrum Fulda, Johannisstra\u00dfe 44, \u00fcber m\u00f6gliche und kosteng\u00fcnstige W\u00e4rmesysteme bei der Altbausanierung. \u00e2\u20ac\u00a8Insbesondere wird der Bereich regenerativer und ressourcenschonender Solar- und Heiztechnik thematisiert. Die Unterschiede zwischen Solarthermie, moderner Brennwerttechnik und dem Heizen mit Pellets werden aufgezeigt. Die verschiedenen Wirkungsgrade und sich daraus ergebende Kombinationsm\u00f6glichkeiten werden zus\u00e4tzlich erl\u00e4utert.<br \/>\nEine Anmeldung ist nicht erforderlich.<\/p>\n","protected":false},"excerpt":{"rendered":"<div class=\"tmnf_excerpt\"><p>Referent Thorsten Bappert von der Firma Brehl informiert am Mittwoch, den 13. Mai 2015 um 19:00 Uhr im Umweltzentrum Fulda, Johannisstra\u00dfe 44, \u00fcber m\u00f6gliche und kosteng\u00fcnstige W\u00e4rmesysteme bei der Altbausanierung. \u00e2\u20ac\u00a8Insbesondere wird der Bereich regenerativer und ressourcenschonender Solar- und Heiztechnik thematisiert. Die Unterschiede zwischen Solarthermie, moderner Brennwerttechnik und dem Heizen mit Pellets werden aufgezeigt. Die &hellip;<\/p>\n<\/div>","protected":false},"author":1,"featured_media":0,"comment_status":"closed","ping_status":"closed","sticky":false,"template":"","format":"standard","meta":{"footnotes":""},"categories":[1],"tags":[],"class_list":["post-138256","post","type-post","status-publish","format-standard","hentry","category-startseite"],"_links":{"self":[{"href":"https:\/\/www.fuldaernachrichten.de\/index.php?rest_route=\/wp\/v2\/posts\/138256","targetHints":{"allow":["GET"]}}],"collection":[{"href":"https:\/\/www.fuldaernachrichten.de\/index.php?rest_route=\/wp\/v2\/posts"}],"about":[{"href":"https:\/\/www.fuldaernachrichten.de\/index.php?rest_route=\/wp\/v2\/types\/post"}],"author":[{"embeddable":true,"href":"https:\/\/www.fuldaernachrichten.de\/index.php?rest_route=\/wp\/v2\/users\/1"}],"replies":[{"embeddable":true,"href":"https:\/\/www.fuldaernachrichten.de\/index.php?rest_route=%2Fwp%2Fv2%2Fcomments&post=138256"}],"version-history":[{"count":1,"href":"https:\/\/www.fuldaernachrichten.de\/index.php?rest_route=\/wp\/v2\/posts\/138256\/revisions"}],"predecessor-version":[{"id":138260,"href":"https:\/\/www.fuldaernachrichten.de\/index.php?rest_route=\/wp\/v2\/posts\/138256\/revisions\/138260"}],"wp:attachment":[{"href":"https:\/\/www.fuldaernachrichten.de\/index.php?rest_route=%2Fwp%2Fv2%2Fmedia&parent=138256"}],"wp:term":[{"taxonomy":"category","embeddable":true,"href":"https:\/\/www.fuldaernachrichten.de\/index.php?rest_route=%2Fwp%2Fv2%2Fcategories&post=138256"},{"taxonomy":"post_tag","embeddable":true,"href":"https:\/\/www.fuldaernachrichten.de\/index.php?rest_route=%2Fwp%2Fv2%2Ftags&post=138256"}],"curies":[{"name":"wp","href":"https:\/\/api.w.org\/{rel}","templated":true}]}}