{"id":138253,"date":"2015-05-06T13:30:27","date_gmt":"2015-05-06T11:30:27","guid":{"rendered":"http:\/\/www.fuldaer-nachrichten.de\/?p=138253"},"modified":"2015-05-06T13:30:33","modified_gmt":"2015-05-06T11:30:33","slug":"tag-der-offenen-baustelle-verbunden-mit-einem-tag-der-offenen-tuer-im-wohnstift-mediana-am-9-mai-2015","status":"publish","type":"post","link":"https:\/\/www.fuldaernachrichten.de\/?p=138253","title":{"rendered":"Tag der offenen Baustelle verbunden mit einem Tag der offenen T\u00fcr im Wohnstift Mediana am 9. Mai 2015."},"content":{"rendered":"<p>Gro\u00dfe Ereignisse stehen demn\u00e4chst im Wohnstift Mediana an. F\u00fcr alle Vorr\u00fcberfahrenden gut sichtbar ist der Umbau des Geb\u00e4udes der K\u00fcnzeller Stra\u00dfe 40 weit fortgeschritten. Seit dem Herbst vergangenen Jahres hat sich vieles getan und die\u00c2\u00a0 Bauarbeiten n\u00e4hern sich dem Ende. Dort sind 12 schicke barrierefreie, Wohnungen f\u00fcr Betreutes bzw. heimverbundenes Wohnen entstanden.<\/p>\n<p>Als Alternative zum Leben\u00c2\u00a0 im Altenheim liegt das \u201eHeimverbundene Wohnen\u201c voll im Trend der Zeit. Immer mehr \u00e4ltere Menschen sch\u00e4tzen es sehr, dass sie ihr Leben auch bei Nachlassen der Leistungsf\u00e4higkeit und evtl. wachsendem Hilfebedarf weiterhin selbstst\u00e4ndig f\u00fchren k\u00f6nnen und gleichzeitig Sicherheit und bei Bedarf auch pers\u00f6nliche Hilfe erhalten k\u00f6nnen. Auf immer wiederkehrende Anfragen zu Besichtigungen reagiert das Wohnstift und l\u00e4dt alle Interessierten zu einem Tag der offenen Baustelle am Samstag, 9. Mai von 10 bis 16 Uhr ein.<\/p>\n<p>Gleichzeitig kann auch das Wohnstift besichtigt werden, welches zu einem Tag der offenen T\u00fcr einl\u00e4dt. Bei F\u00fchrungen, jeweils zur vollen Stunde, werden die verschiedenen Abteilungen des Hauses gezeigt. Die moderne und dennoch anheimelnde Ausstattung der Aufenthaltsr\u00e4ume wie auch die gro\u00dfen Apartments werden von den Bewohnern und Angeh\u00f6rigen sehr gesch\u00e4tzt. Die an ein gutes Hotel erinnernden Bereiche wie das Restaurant und das eigen betriebene Caf\u00e9 mit Au\u00dfenterrasse im Wohnstiftpark stellen f\u00fcr das Leben in Wohnstift eine wichtige Bereicherung dar. Selbstverst\u00e4ndlich werden auch die hauseigene\u00c2\u00a0 und von Krankenkassen anerkannte Physiotherapieabteilung, die Bibliothek sowie Bastel \u2013 und Hobby- Vortagsr\u00e4ume, Hobbyk\u00fcche vorgestellt. Das Schwimmbad, welches jeder Bewohner und alle Mitarbeiter nutzen k\u00f6nnen und die Infrarotkabine sowie der Gymnastikraum d\u00fcrften weitere Highlights der Besichtigung darstellen.<\/p>\n<p>Gerne k\u00f6nnen auch die Pflegebereiche in Kleinstgruppen besichtigt werden, denn viele Interessenten wissen nicht, dass im Wohnstift auch eine exzellente Pflege bis Pflegestufe III+ angeboten wird.<\/p>\n<p>Zwischen den einzelnen F\u00fchrungen haben Interessierte die Gelegenheit, sich bei sch\u00f6nem Wetter,\u00c2\u00a0 auf der neu gestalteten Au\u00dfenterrasse des Wintergarten-Caf\u00e9s zu st\u00e4rken oder auch den wundersch\u00f6nen Garten des Wohnstifts kennenzulernen. Kaffee und leckerer frischer Kuchen, wie auch \u00fcppige, variantenreiche Eisbecher geh\u00f6ren zum Standardangebot des Caf\u00e9s. Au\u00dferdem h\u00e4lt das hauseigene K\u00fcchenteam herzhafte Speisen\u00c2\u00a0 von Grill und Suppentopf f\u00fcr Sie bereit.\u00c2\u00a0 Von 10 bis 16 Uhr wird Caf\u00e9hausmusik am Fl\u00fcgel zur Untermalung angeboten, so dass neben den vielen Informationen auch einer erholsamen Pause nichts im Wege steht.<\/p>\n","protected":false},"excerpt":{"rendered":"<div class=\"tmnf_excerpt\"><p>Gro\u00dfe Ereignisse stehen demn\u00e4chst im Wohnstift Mediana an. F\u00fcr alle Vorr\u00fcberfahrenden gut sichtbar ist der Umbau des Geb\u00e4udes der K\u00fcnzeller Stra\u00dfe 40 weit fortgeschritten. Seit dem Herbst vergangenen Jahres hat sich vieles getan und die\u00c2\u00a0 Bauarbeiten n\u00e4hern sich dem Ende. Dort sind 12 schicke barrierefreie, Wohnungen f\u00fcr Betreutes bzw. heimverbundenes Wohnen entstanden. Als Alternative zum &hellip;<\/p>\n<\/div>","protected":false},"author":1,"featured_media":138257,"comment_status":"closed","ping_status":"closed","sticky":false,"template":"","format":"standard","meta":{"footnotes":""},"categories":[1,51],"tags":[],"class_list":["post-138253","post","type-post","status-publish","format-standard","has-post-thumbnail","hentry","category-startseite","category-medizin"],"_links":{"self":[{"href":"https:\/\/www.fuldaernachrichten.de\/index.php?rest_route=\/wp\/v2\/posts\/138253","targetHints":{"allow":["GET"]}}],"collection":[{"href":"https:\/\/www.fuldaernachrichten.de\/index.php?rest_route=\/wp\/v2\/posts"}],"about":[{"href":"https:\/\/www.fuldaernachrichten.de\/index.php?rest_route=\/wp\/v2\/types\/post"}],"author":[{"embeddable":true,"href":"https:\/\/www.fuldaernachrichten.de\/index.php?rest_route=\/wp\/v2\/users\/1"}],"replies":[{"embeddable":true,"href":"https:\/\/www.fuldaernachrichten.de\/index.php?rest_route=%2Fwp%2Fv2%2Fcomments&post=138253"}],"version-history":[{"count":1,"href":"https:\/\/www.fuldaernachrichten.de\/index.php?rest_route=\/wp\/v2\/posts\/138253\/revisions"}],"predecessor-version":[{"id":138258,"href":"https:\/\/www.fuldaernachrichten.de\/index.php?rest_route=\/wp\/v2\/posts\/138253\/revisions\/138258"}],"wp:featuredmedia":[{"embeddable":true,"href":"https:\/\/www.fuldaernachrichten.de\/index.php?rest_route=\/wp\/v2\/media\/138257"}],"wp:attachment":[{"href":"https:\/\/www.fuldaernachrichten.de\/index.php?rest_route=%2Fwp%2Fv2%2Fmedia&parent=138253"}],"wp:term":[{"taxonomy":"category","embeddable":true,"href":"https:\/\/www.fuldaernachrichten.de\/index.php?rest_route=%2Fwp%2Fv2%2Fcategories&post=138253"},{"taxonomy":"post_tag","embeddable":true,"href":"https:\/\/www.fuldaernachrichten.de\/index.php?rest_route=%2Fwp%2Fv2%2Ftags&post=138253"}],"curies":[{"name":"wp","href":"https:\/\/api.w.org\/{rel}","templated":true}]}}