{"id":138232,"date":"2015-05-06T13:24:51","date_gmt":"2015-05-06T11:24:51","guid":{"rendered":"http:\/\/www.fuldaer-nachrichten.de\/?p=138232"},"modified":"2015-05-06T13:24:51","modified_gmt":"2015-05-06T11:24:51","slug":"pflegende-angehoerige-erhielten-qualifizierte-ausbildung-2","status":"publish","type":"post","link":"https:\/\/www.fuldaernachrichten.de\/?p=138232","title":{"rendered":"Pflegende Angeh\u00f6rige erhielten qualifizierte Ausbildung"},"content":{"rendered":"<p>Gute Pflege, richtiges Lagern, Demenz und Alzheimer \u2013 Erkrankung war Themen beim Kurs f\u00fcr Pflegende Angeh\u00f6rige im Pfarrheim in Bad Salzschlirf. 13 Teilnehmerinnen und Teilnehmer hatten das Angebot des Caritasverbandes f\u00fcr die Regionen Fulda und Geisa in Zusammenarbeit mit der Barmer Ersatzkasse angenommen. Kursleiterin Angelika Rogowski, P\u00e4dagogin f\u00fcr Pflege- und Gesundheitsberufe (M.A.), Fulda \u00fcberreichte ihnen die Zertifikate und gratulierte allen zur erfolgreichen Teilnahme. An acht Abenden mit insgesamt 20 Stunden vermittelte die Kursleiterin die theoretischen Grundlagen einer patientenorientierten Pflege. Erg\u00e4nzt wurde der theoretische Teil durch praktische \u00dcbungen zur\u00c2\u00a0 aktivierenden Pflege, das r\u00fcckenschonende Arbeiten, Grundlage der Hygiene, Umgang mit Medikamenten, das Erlernen von pflegerischen Handgriffen, \u00dcbungen zur Mobilisierung, Prophylaxe und K\u00f6rperpflege sowie der Umgang mit dementen und an Alzheimer erkrankten Angeh\u00f6rigen. Die Teilnehmerinnen und Teilnehmer hatten besonders zu diesem Thema viele Fragen und die bereits in der Pflege von dementen Angeh\u00f6rigen stehenden konnten sowohl \u00fcber ihre belastenden Erfahrung berichten, aber auch Mut machen und Angst nehmen. Pflege demenziell Erkrankter verlange Einf\u00fchlungsverm\u00f6gen und Geduld. Au\u00dferdem sei es wichtig sich Unterst\u00fctzung durch Beratung und Betreuung sowie f\u00fcr die eigene Psychohygiene zu holen. \u00dcberhaupt wurde den Pflegenden ein breiter Raum f\u00fcr pers\u00f6nliche Fragen und zur Reflexion geboten. Ausbilderin Angelika Rogowski informierte zudem \u00fcber Vorsorgevollmacht, Betreuungsrecht sowie Patienten- und Betreuungsverf\u00fcgungen.<\/p>\n<p>Die Kurse f\u00fcr pflegende Angeh\u00f6rige die im Einzugsbereich der f\u00fcnf Caritas \u2013 Sozialstationen Fliedetal, Fulda\/ L\u00fcdertal, Geisa\/ Vacha, H\u00fcnfeld und Vorderrh\u00f6n\/ Ulstergrund angeboten werden, sind f\u00fcr alle Teilnehmerinnen und Teilnehmer, auch wenn sie noch nicht von Pflege betroffen sind oder einen Pflegedienst in Anspruch nehmen, offen und kostenlos. Angelika Rogowski verwies auch auf die Angeh\u00f6rigen Gespr\u00e4chskreise in H\u00fcnfeld und Flieden, die eine gute M\u00f6glichkeit zum Austausch bieten w\u00fcrden. Weitere Kurse werden von der Caritas im Herbst 2015 in Geisa\/ Vacha und Fulda angeboten.<br \/>\nInformationen sind \u00fcber das Internet www.wir-pflegen-mit-sicherheit.de oder bei Angelika Rogowski, Tel.: 0661 \u2013 77855, a.r.rogowski@gmx.de zu erhalten.<\/p>\n","protected":false},"excerpt":{"rendered":"<div class=\"tmnf_excerpt\"><p>Gute Pflege, richtiges Lagern, Demenz und Alzheimer \u2013 Erkrankung war Themen beim Kurs f\u00fcr Pflegende Angeh\u00f6rige im Pfarrheim in Bad Salzschlirf. 13 Teilnehmerinnen und Teilnehmer hatten das Angebot des Caritasverbandes f\u00fcr die Regionen Fulda und Geisa in Zusammenarbeit mit der Barmer Ersatzkasse angenommen. Kursleiterin Angelika Rogowski, P\u00e4dagogin f\u00fcr Pflege- und Gesundheitsberufe (M.A.), Fulda \u00fcberreichte ihnen &hellip;<\/p>\n<\/div>","protected":false},"author":1,"featured_media":138234,"comment_status":"closed","ping_status":"closed","sticky":false,"template":"","format":"standard","meta":{"footnotes":""},"categories":[1,51],"tags":[],"class_list":["post-138232","post","type-post","status-publish","format-standard","has-post-thumbnail","hentry","category-startseite","category-medizin"],"_links":{"self":[{"href":"https:\/\/www.fuldaernachrichten.de\/index.php?rest_route=\/wp\/v2\/posts\/138232","targetHints":{"allow":["GET"]}}],"collection":[{"href":"https:\/\/www.fuldaernachrichten.de\/index.php?rest_route=\/wp\/v2\/posts"}],"about":[{"href":"https:\/\/www.fuldaernachrichten.de\/index.php?rest_route=\/wp\/v2\/types\/post"}],"author":[{"embeddable":true,"href":"https:\/\/www.fuldaernachrichten.de\/index.php?rest_route=\/wp\/v2\/users\/1"}],"replies":[{"embeddable":true,"href":"https:\/\/www.fuldaernachrichten.de\/index.php?rest_route=%2Fwp%2Fv2%2Fcomments&post=138232"}],"version-history":[{"count":1,"href":"https:\/\/www.fuldaernachrichten.de\/index.php?rest_route=\/wp\/v2\/posts\/138232\/revisions"}],"predecessor-version":[{"id":138235,"href":"https:\/\/www.fuldaernachrichten.de\/index.php?rest_route=\/wp\/v2\/posts\/138232\/revisions\/138235"}],"wp:featuredmedia":[{"embeddable":true,"href":"https:\/\/www.fuldaernachrichten.de\/index.php?rest_route=\/wp\/v2\/media\/138234"}],"wp:attachment":[{"href":"https:\/\/www.fuldaernachrichten.de\/index.php?rest_route=%2Fwp%2Fv2%2Fmedia&parent=138232"}],"wp:term":[{"taxonomy":"category","embeddable":true,"href":"https:\/\/www.fuldaernachrichten.de\/index.php?rest_route=%2Fwp%2Fv2%2Fcategories&post=138232"},{"taxonomy":"post_tag","embeddable":true,"href":"https:\/\/www.fuldaernachrichten.de\/index.php?rest_route=%2Fwp%2Fv2%2Ftags&post=138232"}],"curies":[{"name":"wp","href":"https:\/\/api.w.org\/{rel}","templated":true}]}}