{"id":138211,"date":"2015-05-05T13:11:07","date_gmt":"2015-05-05T11:11:07","guid":{"rendered":"http:\/\/www.fuldaer-nachrichten.de\/?p=138211"},"modified":"2015-05-05T13:11:07","modified_gmt":"2015-05-05T11:11:07","slug":"himmelfahrtsgottesdienst-mit-drei-evangelischen-gemeinden","status":"publish","type":"post","link":"https:\/\/www.fuldaernachrichten.de\/?p=138211","title":{"rendered":"Himmelfahrtsgottesdienst mit drei evangelischen Gemeinden"},"content":{"rendered":"<p>Am Himmelfahrtstag, 14.5.2015, um 11.00 Uhr, feiern die evangelischen Gemeinden der Kreuzkirche, der Matth\u00e4uskirche und der Vers\u00f6hnungskirche einen gemeinsamen Gottesdienst auf dem Sportplatz in Gl\u00e4serzell mit parallelem Kindergottesdienst. Der Gottesdienst steht unter dem Motto \u201e&#8230; als er sie segnete, fuhr er zum Himmel&#8230;\u201c einem Bibelwort aus dem Lukasevangelium. Musikalisch gestaltet wird der Gottesdienst von der Musikgruppe \u201eEsprit\u201c. Zudem sorgt der \u201eSportverein Gl\u00e4serzell 1965\u201c mit Flurg\u00f6nder, Gegrilltem und Kuchen f\u00fcr das leibliche Wohl der Besucher. Bei ung\u00fcnstigem Wetter bietet ein Zelt Schutz.<\/p>\n<p>Die Kreuzkirche bietet zudem eine familienfreundliche Fahrradtour zum Sportplatz an. Los geht es mit Pfarrer Stefan B\u00fcrger um 10.00 Uhr an der Kreuzkirche oder um 10.15 Uhr am Wertstoffhof, Langebr\u00fcckenstra\u00dfe.<\/p>\n","protected":false},"excerpt":{"rendered":"<div class=\"tmnf_excerpt\"><p>Am Himmelfahrtstag, 14.5.2015, um 11.00 Uhr, feiern die evangelischen Gemeinden der Kreuzkirche, der Matth\u00e4uskirche und der Vers\u00f6hnungskirche einen gemeinsamen Gottesdienst auf dem Sportplatz in Gl\u00e4serzell mit parallelem Kindergottesdienst. Der Gottesdienst steht unter dem Motto \u201e&#8230; als er sie segnete, fuhr er zum Himmel&#8230;\u201c einem Bibelwort aus dem Lukasevangelium. Musikalisch gestaltet wird der Gottesdienst von der &hellip;<\/p>\n<\/div>","protected":false},"author":1,"featured_media":138212,"comment_status":"closed","ping_status":"closed","sticky":false,"template":"","format":"standard","meta":{"footnotes":""},"categories":[1,50],"tags":[],"class_list":["post-138211","post","type-post","status-publish","format-standard","has-post-thumbnail","hentry","category-startseite","category-kirche"],"_links":{"self":[{"href":"https:\/\/www.fuldaernachrichten.de\/index.php?rest_route=\/wp\/v2\/posts\/138211","targetHints":{"allow":["GET"]}}],"collection":[{"href":"https:\/\/www.fuldaernachrichten.de\/index.php?rest_route=\/wp\/v2\/posts"}],"about":[{"href":"https:\/\/www.fuldaernachrichten.de\/index.php?rest_route=\/wp\/v2\/types\/post"}],"author":[{"embeddable":true,"href":"https:\/\/www.fuldaernachrichten.de\/index.php?rest_route=\/wp\/v2\/users\/1"}],"replies":[{"embeddable":true,"href":"https:\/\/www.fuldaernachrichten.de\/index.php?rest_route=%2Fwp%2Fv2%2Fcomments&post=138211"}],"version-history":[{"count":1,"href":"https:\/\/www.fuldaernachrichten.de\/index.php?rest_route=\/wp\/v2\/posts\/138211\/revisions"}],"predecessor-version":[{"id":138213,"href":"https:\/\/www.fuldaernachrichten.de\/index.php?rest_route=\/wp\/v2\/posts\/138211\/revisions\/138213"}],"wp:featuredmedia":[{"embeddable":true,"href":"https:\/\/www.fuldaernachrichten.de\/index.php?rest_route=\/wp\/v2\/media\/138212"}],"wp:attachment":[{"href":"https:\/\/www.fuldaernachrichten.de\/index.php?rest_route=%2Fwp%2Fv2%2Fmedia&parent=138211"}],"wp:term":[{"taxonomy":"category","embeddable":true,"href":"https:\/\/www.fuldaernachrichten.de\/index.php?rest_route=%2Fwp%2Fv2%2Fcategories&post=138211"},{"taxonomy":"post_tag","embeddable":true,"href":"https:\/\/www.fuldaernachrichten.de\/index.php?rest_route=%2Fwp%2Fv2%2Ftags&post=138211"}],"curies":[{"name":"wp","href":"https:\/\/api.w.org\/{rel}","templated":true}]}}