{"id":138209,"date":"2015-05-05T12:47:07","date_gmt":"2015-05-05T10:47:07","guid":{"rendered":"http:\/\/www.fuldaer-nachrichten.de\/?p=138209"},"modified":"2015-05-05T12:47:07","modified_gmt":"2015-05-05T10:47:07","slug":"bistum-fulda-leistet-10-000-euro-soforthilfe-fuer-erdbebenopfer-in-nepal","status":"publish","type":"post","link":"https:\/\/www.fuldaernachrichten.de\/?p=138209","title":{"rendered":"Bistum Fulda leistet 10.000 Euro Soforthilfe f\u00fcr Erdbebenopfer in Nepal"},"content":{"rendered":"<p>Das Bistum Fulda hat aus seinem Katastrophenfonds 10.000 Euro als Soforthilfe zur Finanzierung von Hilfsma\u00dfnahmen f\u00fcr die Opfer des gewaltigen Erdbebens in Nepal zur Verf\u00fcgung gestellt. Der Betrag wurde an Caritas International in Freiburg \u00fcberwiesen. Mit der Geldhilfe soll ein Zeichen der Solidarit\u00e4t mit den Opfern dieser Naturkatastrophe gesetzt und ein Beitrag zur Linderung der Not in der Bev\u00f6lkerung geleistet werden. \u201eDas Schicksal der obdachlos gewordenen und verletzten Menschen, die dringend auf unsere Hilfe angewiesen sind, darf uns Christen nicht unber\u00fchrt lassen\u201c, betont Generalvikar Prof. Dr. Gerhard Stanke.<\/p>\n<p>Katastrophenhelfer der Caritas Nepal und Caritas international haben inzwischen mit der Hilfe in entlegenen Bergd\u00f6rfern bei Gorkha begonnen. Sie verteilen Zeltplanen f\u00fcr und andere Hilfsg\u00fcter. Unterst\u00fctzt werden sie von zahlreichen Freiwilligen. Weitere Transporte auch mit medizinischen Hilfen sind auf dem Weg. Seit Donnerstag, den 30. April, f\u00fcnf Tage nach dem schweren Erdbeben im Himalaya, sind die ersten Caritas-Teams in den entlegenen Eegionen\u00c2\u00a0rund um das Epizentrum des schweren Erdbebens im Einsatz. H\u00f6chste Priorit\u00e4t hat hier die Verteilung von Zelten, Schutzplanen und medizinischer Hilfe in den Regionen Gorkha, Sindhupalchowk, Kavre und Nuwakot. &#8220;Die Menschen wollen schnell wieder ein notd\u00fcrftiges Dach \u00fcber dem Kopf, damit sie sich vor dem Regen sch\u00fctzen k\u00f6nnen. Sonst verwandelt sich ihr Zuhause in wenigen Wochen in ein Schlammfeld&#8221;, so Caritas-Helfer Stefan Teplan. Zudem m\u00fcssten offene Wunden, Durchfallerkrankungen und Ruhr behandelt werden. Erstes \u00e4rztliches Personal der Caritas Indien ist in Nepal bereits im Einsatz. Weitere Krankenschwestern, Pfleger und \u00c4rzte werden folgen.<\/p>\n","protected":false},"excerpt":{"rendered":"<div class=\"tmnf_excerpt\"><p>Das Bistum Fulda hat aus seinem Katastrophenfonds 10.000 Euro als Soforthilfe zur Finanzierung von Hilfsma\u00dfnahmen f\u00fcr die Opfer des gewaltigen Erdbebens in Nepal zur Verf\u00fcgung gestellt. Der Betrag wurde an Caritas International in Freiburg \u00fcberwiesen. Mit der Geldhilfe soll ein Zeichen der Solidarit\u00e4t mit den Opfern dieser Naturkatastrophe gesetzt und ein Beitrag zur Linderung der &hellip;<\/p>\n<\/div>","protected":false},"author":1,"featured_media":0,"comment_status":"closed","ping_status":"closed","sticky":false,"template":"","format":"standard","meta":{"footnotes":""},"categories":[1],"tags":[],"class_list":["post-138209","post","type-post","status-publish","format-standard","hentry","category-startseite"],"_links":{"self":[{"href":"https:\/\/www.fuldaernachrichten.de\/index.php?rest_route=\/wp\/v2\/posts\/138209","targetHints":{"allow":["GET"]}}],"collection":[{"href":"https:\/\/www.fuldaernachrichten.de\/index.php?rest_route=\/wp\/v2\/posts"}],"about":[{"href":"https:\/\/www.fuldaernachrichten.de\/index.php?rest_route=\/wp\/v2\/types\/post"}],"author":[{"embeddable":true,"href":"https:\/\/www.fuldaernachrichten.de\/index.php?rest_route=\/wp\/v2\/users\/1"}],"replies":[{"embeddable":true,"href":"https:\/\/www.fuldaernachrichten.de\/index.php?rest_route=%2Fwp%2Fv2%2Fcomments&post=138209"}],"version-history":[{"count":1,"href":"https:\/\/www.fuldaernachrichten.de\/index.php?rest_route=\/wp\/v2\/posts\/138209\/revisions"}],"predecessor-version":[{"id":138210,"href":"https:\/\/www.fuldaernachrichten.de\/index.php?rest_route=\/wp\/v2\/posts\/138209\/revisions\/138210"}],"wp:attachment":[{"href":"https:\/\/www.fuldaernachrichten.de\/index.php?rest_route=%2Fwp%2Fv2%2Fmedia&parent=138209"}],"wp:term":[{"taxonomy":"category","embeddable":true,"href":"https:\/\/www.fuldaernachrichten.de\/index.php?rest_route=%2Fwp%2Fv2%2Fcategories&post=138209"},{"taxonomy":"post_tag","embeddable":true,"href":"https:\/\/www.fuldaernachrichten.de\/index.php?rest_route=%2Fwp%2Fv2%2Ftags&post=138209"}],"curies":[{"name":"wp","href":"https:\/\/api.w.org\/{rel}","templated":true}]}}