{"id":138202,"date":"2015-05-05T12:46:47","date_gmt":"2015-05-05T10:46:47","guid":{"rendered":"http:\/\/www.fuldaer-nachrichten.de\/?p=138202"},"modified":"2015-05-05T12:46:47","modified_gmt":"2015-05-05T10:46:47","slug":"deutscher-wandertag-vom-22-bis-27-juni-in-der-saechsischen-schweiz","status":"publish","type":"post","link":"https:\/\/www.fuldaernachrichten.de\/?p=138202","title":{"rendered":"Deutscher Wandertag vom 22. bis 27. Juni in der S\u00e4chsischen Schweiz"},"content":{"rendered":"<p>Vertreter des Deutschen Wanderverbandes haben Sebnitz besucht und der Stadt sowie der S\u00e4chsischen Schweiz bescheinigt, f\u00fcr den Deutschen Wandertag im kommenden Jahr gut vorbereitet zu sein. Jahr f\u00fcr Jahr beschert der Deutsche Wandertag der jeweils ausrichtenden Region durchschnittlich rund 50.000 zus\u00e4tzliche \u00dcbernachtungen. Viele G\u00e4ste werben anschlie\u00dfend zu Hause f\u00fcr die besuchte Wandertagsregion.<\/p>\n<p>Der Pr\u00e4sident des Deutschen Wanderverbandes, Dr. Hans-Ulrich Rauchfu\u00df, zeigte sich beeindruckt von der Seidenblumenstadt Sebnitz und der Region: \u201eIn der S\u00e4chsischen Schweiz haben Wasser und Wind ein Eldorado f\u00fcr Wanderer aus dem In- und Ausland geschaffen. Besonders freue ich mich auch auf die grenz\u00fcberschreitenden Wanderungen nach Tschechien, welche die Organisatoren des Wandertages in ihr Programm aufgenommen haben.\u201c<\/p>\n<p>Wie die Wandertage zuvor werde der 116. Deutsche Wandertag immense \u00f6konomische Effekte f\u00fcr die Region haben, so Rauchfu\u00df weiter. Ein Blick auf die Wandertage in der Vergangenheit zeigt: Durchschnittlich halten sich 11.000 zus\u00e4tzliche \u00dcbernachtungsg\u00e4ste f\u00fcr einen Zeitraum von vier bis f\u00fcnf Tagen in einem Umkreis von 60 Kilometern um den Austragungsort eines Wandertages auf. Damit kann die jeweilige Region im Schnitt insgesamt rund 50.000 zus\u00e4tzliche \u00dcbernachtungen f\u00fcr sich verbuchen. Das Th\u00fcringer Saaleland etwa steigerte seine \u00dcbernachtungszahlen im Jahr des dortigen 105. Deutschen Wandertages 2005 gegen\u00fcber dem Vorjahr um 16 Prozent.<\/p>\n<p>Bemerkenswert ist die Vielzahl von Tagesg\u00e4sten insbesondere zum gro\u00dfen Festumzug. Er ist f\u00fcr viele Wanderfreunde der H\u00f6hepunkt des Deutschen Wandertages mit j\u00e4hrlich bis zu 25.000 Vereinswanderern aus allen Teilen Deutschlands, die ihre jeweilige Heimatregion repr\u00e4sentieren. Dazu kommen etwa ebenso viele Zuschauer. Beim 108. Deutschen Wandertag in der Rh\u00f6n zum Beispiel z\u00e4hlten die Offiziellen w\u00e4hrend des Festumzuges 50.000 G\u00e4ste in Fulda.<\/p>\n<p>Ein Jahr zuvor profitierte das Saarland vom Wandertag. Rauchfu\u00df: \u201eDie Buchungszahlen f\u00fcr den 107. Deutschen Wandertag in Saarlouis bescherten dem Saarland ein \u00dcbernachtungsplus von sechs Prozent im gesamten Jahr und einen Zuwachs von 20 Prozent f\u00fcr die Zeit um den Deutschen Wandertag im Juli und August 2007.\u201c Folge man den Untersuchungen des Deutschen Wirtschaftswissenschaftlichen Instituts f\u00fcr Fremdenverkehr e.V. (DWIF) \u00fcber die Umsatzzahlen von Kurzurlaubern und das Ausgabeverhalten von Tagesg\u00e4sten, dann bedeute das etwa drei Millionen Euro, die w\u00e4hrend des Wandertages zus\u00e4tzlich in die Region geflossen seien. Nicht eingerechnet seien darin die Erl\u00f6se, welche die regionale Wirtschaft durch das \u201eSouvenirgesch\u00e4ft\u201c erl\u00f6st hat.<\/p>\n<p>Auch die langfristig durch Wandertage ausgel\u00f6sten wirtschaftlichen Effekte sind betr\u00e4chtlich. Die G\u00e4ste der Gro\u00dfveranstaltungen sind gewisserma\u00dfen Werbetr\u00e4ger f\u00fcr die Wandertagsregionen in nahezu allen deutschen Wandervereinen. Dort wird intensiv \u00fcber den Wandertag berichtet, so dass rund 600.000 organisierte Wanderfreunde von der jeweiligen Wanderregion erfahren. Diese von Tourismus-Verantwortlichen als besonders wirksam gesch\u00e4tzte Mund zu Mund-Propaganda best\u00e4tigt eine Besucherumfrage zum 99. Deutschen Wandertag vom Fremdenverkehrsverein D\u00fcbener Heide\/Sachsen-Anhalt: 44, 9 Prozent der Wandertagsg\u00e4ste gaben an, dass sie die Region Freunden und Bekannten als Wanderregion weiter empfehlen werden. Vor dem Hintergrund, dass solche Empfehlungen laut DWIF durchschnittlich 14 Personen erreichen und Wanderer in der Regel mehrere Kurzurlaube im Jahr machen, ist mit einem wesentlich h\u00f6heren G\u00e4steaufkommen in der Wandertagsregion auch in den Jahren nach dem Wandertag zu rechnen.<\/p>\n<p>Eine weitere Ursache f\u00fcr steigende Besucherzahlen in den Jahren nach einem Wandertag ist die in aller Regel hohe Attraktivit\u00e4t der Regionen f\u00fcr Wanderer. \u201eUnter Wanderfreunden ist es l\u00e4ngst kein Geheimtipp mehr, in den Folgejahren eines Wandertages als Wandergruppe dorthin zu reisen, wo der Wandertag stattgefunden hat. Denn es ist bekannt, dass zum Wandertag die Infrastruktur auf uns Wanderer ausgerichtet wurde. Und es sind immerhin 3.000 Ortsgruppen aus 57 Wandervereinen, die dies sehr zu sch\u00e4tzen wissen\u201c, so der DWV-Pr\u00e4sident.<\/p>\n<p>Veranstalter des 116. Deutschen Wandertages vom 22. bis 27. Juni 2016\u00c2\u00a0 in der S\u00e4chsischen Schweiz bzw. Sebnitz\u00c2\u00a0 ist der Deutsche Wanderverband. Ausgerichtet wird die Veranstaltung gemeinsam von der Stadt Sebnitz und dem Wanderverband S\u00e4chsische Schweiz.<\/p>\n","protected":false},"excerpt":{"rendered":"<div class=\"tmnf_excerpt\"><p>Vertreter des Deutschen Wanderverbandes haben Sebnitz besucht und der Stadt sowie der S\u00e4chsischen Schweiz bescheinigt, f\u00fcr den Deutschen Wandertag im kommenden Jahr gut vorbereitet zu sein. Jahr f\u00fcr Jahr beschert der Deutsche Wandertag der jeweils ausrichtenden Region durchschnittlich rund 50.000 zus\u00e4tzliche \u00dcbernachtungen. Viele G\u00e4ste werben anschlie\u00dfend zu Hause f\u00fcr die besuchte Wandertagsregion. Der Pr\u00e4sident des &hellip;<\/p>\n<\/div>","protected":false},"author":1,"featured_media":0,"comment_status":"closed","ping_status":"closed","sticky":false,"template":"","format":"standard","meta":{"footnotes":""},"categories":[1,52],"tags":[],"class_list":["post-138202","post","type-post","status-publish","format-standard","hentry","category-startseite","category-umwelt"],"_links":{"self":[{"href":"https:\/\/www.fuldaernachrichten.de\/index.php?rest_route=\/wp\/v2\/posts\/138202","targetHints":{"allow":["GET"]}}],"collection":[{"href":"https:\/\/www.fuldaernachrichten.de\/index.php?rest_route=\/wp\/v2\/posts"}],"about":[{"href":"https:\/\/www.fuldaernachrichten.de\/index.php?rest_route=\/wp\/v2\/types\/post"}],"author":[{"embeddable":true,"href":"https:\/\/www.fuldaernachrichten.de\/index.php?rest_route=\/wp\/v2\/users\/1"}],"replies":[{"embeddable":true,"href":"https:\/\/www.fuldaernachrichten.de\/index.php?rest_route=%2Fwp%2Fv2%2Fcomments&post=138202"}],"version-history":[{"count":1,"href":"https:\/\/www.fuldaernachrichten.de\/index.php?rest_route=\/wp\/v2\/posts\/138202\/revisions"}],"predecessor-version":[{"id":138208,"href":"https:\/\/www.fuldaernachrichten.de\/index.php?rest_route=\/wp\/v2\/posts\/138202\/revisions\/138208"}],"wp:attachment":[{"href":"https:\/\/www.fuldaernachrichten.de\/index.php?rest_route=%2Fwp%2Fv2%2Fmedia&parent=138202"}],"wp:term":[{"taxonomy":"category","embeddable":true,"href":"https:\/\/www.fuldaernachrichten.de\/index.php?rest_route=%2Fwp%2Fv2%2Fcategories&post=138202"},{"taxonomy":"post_tag","embeddable":true,"href":"https:\/\/www.fuldaernachrichten.de\/index.php?rest_route=%2Fwp%2Fv2%2Ftags&post=138202"}],"curies":[{"name":"wp","href":"https:\/\/api.w.org\/{rel}","templated":true}]}}