{"id":138193,"date":"2015-05-05T10:59:22","date_gmt":"2015-05-05T08:59:22","guid":{"rendered":"http:\/\/www.fuldaer-nachrichten.de\/?p=138193"},"modified":"2015-05-05T10:59:22","modified_gmt":"2015-05-05T08:59:22","slug":"fruehjahrstagung-der-gesellschaft-fuer-geschichte-des-weines-an-diesem-wochenende-in-fulda","status":"publish","type":"post","link":"https:\/\/www.fuldaernachrichten.de\/?p=138193","title":{"rendered":"Fr\u00fchjahrstagung der Gesellschaft f\u00fcr Geschichte des Weines an diesem Wochenende in Fulda"},"content":{"rendered":"<p>Es ist soweit: Vom 8. bis zum 10. Mai tritt sich die Gesellschaft f\u00fcr Geschichte des Weines in der osthessischen Bischofsstadt: Von Freitag bis Sonntag stehen wiederum Kunst, Kultur und Geschichte des Rebensaftes im Mittelpunkt der Zusammenkunft von Wein- und Kunstbegeisterten.<\/p>\n<p>Der Veranstaltungsreigen beginnt am Freitag mit einem Vortrag des Pr\u00e4sidenten der Gesellschaft, Professor Hans Reinhard Seeliger, zur Geschichte und Bedeutung der F\u00fcrstabtei Fulda f\u00fcr den deutschen Weinbau. Alle Interessierten sind hierzu um 14:30 Uhr in das Audimax der Theologischen Fakult\u00e4t eingeladen. Ein Empfang im F\u00fcrstensaal des Schlosses Fulda durch den Oberb\u00fcrgermeister, Herrn Gerhard M\u00f6ller, beendet dann um 17 Uhr den Auftakttag.<\/p>\n<p>Am Samstag findet um 11 Uhr im Parkhotel Kolpinghaus der Festvortrag von Professor Peter Kupfer statt, der zur \u201eGeschichte der\u00c2\u00a0 chinesischen Weinkultur\u201c referieren und dabei Erfahrungen seiner eigenen Reisen mit einbringen wird; auch hierzu ergeht herzliche Einladung an Mitglieder wie Nichtmitglieder der Gesellschaft. Der Nachmittag ist einer Fahrt zur Gedenkst\u00e4tte Point Alpha gewidmet, ehe sich dem gemeinsamen Abendessen um 18:30 Uhr schlie\u00dflich eine Stunde sp\u00e4ter die ber\u00fchmte Gro\u00dfe Festliche Weinprobe anschlie\u00dft. Verkostet werden zw\u00f6lf Weine aus ehemaligen Besitzungen der F\u00fcrstabtei, darunter solche aus Franken und dem Elsass, ja sogar aus der Schweiz, wobei neben den \u201eklassischen\u201c Wei\u00df- und Rotweinen auch sog. aromatische und edels\u00fc\u00dfe Weine auf dem Programm stehen. Zelebriert wird die Probe von Professor Richard Hartmann, dem Kapitel\u00e4ltesten des Weinhistorischen Konvents Fulda, und Heribert Burkert, Kellermeister<br \/>\ndieser Vereinigung. Im Begleitprogramm tanzen Paare des zugeh\u00f6rigen Menuett-Ensembles in historischen Kost\u00fcmen zu barocker Musikbegleitung.<\/p>\n<p>Um 9 Uhr am Sonntag f\u00e4hrt die Gesellschaft zum Schloss Fasanerie der Kulturstiftung des Hauses Hessen in Kronberg. Seinen Abschluss findet die Tagung schlie\u00dflich um 11:30 Uhr im \u201eGarten der Weingeschichte\u201c unterhalb des Klosters am Frauenberg bei \u201eW\u00e4ck, Woarscht<br \/>\non Wie\u201c.<\/p>\n","protected":false},"excerpt":{"rendered":"<div class=\"tmnf_excerpt\"><p>Es ist soweit: Vom 8. bis zum 10. Mai tritt sich die Gesellschaft f\u00fcr Geschichte des Weines in der osthessischen Bischofsstadt: Von Freitag bis Sonntag stehen wiederum Kunst, Kultur und Geschichte des Rebensaftes im Mittelpunkt der Zusammenkunft von Wein- und Kunstbegeisterten. Der Veranstaltungsreigen beginnt am Freitag mit einem Vortrag des Pr\u00e4sidenten der Gesellschaft, Professor Hans &hellip;<\/p>\n<\/div>","protected":false},"author":1,"featured_media":0,"comment_status":"closed","ping_status":"closed","sticky":false,"template":"","format":"standard","meta":{"footnotes":""},"categories":[1,37],"tags":[],"class_list":["post-138193","post","type-post","status-publish","format-standard","hentry","category-startseite","category-essen-und-trinken"],"_links":{"self":[{"href":"https:\/\/www.fuldaernachrichten.de\/index.php?rest_route=\/wp\/v2\/posts\/138193","targetHints":{"allow":["GET"]}}],"collection":[{"href":"https:\/\/www.fuldaernachrichten.de\/index.php?rest_route=\/wp\/v2\/posts"}],"about":[{"href":"https:\/\/www.fuldaernachrichten.de\/index.php?rest_route=\/wp\/v2\/types\/post"}],"author":[{"embeddable":true,"href":"https:\/\/www.fuldaernachrichten.de\/index.php?rest_route=\/wp\/v2\/users\/1"}],"replies":[{"embeddable":true,"href":"https:\/\/www.fuldaernachrichten.de\/index.php?rest_route=%2Fwp%2Fv2%2Fcomments&post=138193"}],"version-history":[{"count":1,"href":"https:\/\/www.fuldaernachrichten.de\/index.php?rest_route=\/wp\/v2\/posts\/138193\/revisions"}],"predecessor-version":[{"id":138196,"href":"https:\/\/www.fuldaernachrichten.de\/index.php?rest_route=\/wp\/v2\/posts\/138193\/revisions\/138196"}],"wp:attachment":[{"href":"https:\/\/www.fuldaernachrichten.de\/index.php?rest_route=%2Fwp%2Fv2%2Fmedia&parent=138193"}],"wp:term":[{"taxonomy":"category","embeddable":true,"href":"https:\/\/www.fuldaernachrichten.de\/index.php?rest_route=%2Fwp%2Fv2%2Fcategories&post=138193"},{"taxonomy":"post_tag","embeddable":true,"href":"https:\/\/www.fuldaernachrichten.de\/index.php?rest_route=%2Fwp%2Fv2%2Ftags&post=138193"}],"curies":[{"name":"wp","href":"https:\/\/api.w.org\/{rel}","templated":true}]}}