{"id":138186,"date":"2015-05-05T10:58:10","date_gmt":"2015-05-05T08:58:10","guid":{"rendered":"http:\/\/www.fuldaer-nachrichten.de\/?p=138186"},"modified":"2015-05-05T10:58:10","modified_gmt":"2015-05-05T08:58:10","slug":"angespannte-wohnraum-situation-bestimmt-derzeit-arbeit","status":"publish","type":"post","link":"https:\/\/www.fuldaernachrichten.de\/?p=138186","title":{"rendered":"Angespannte Wohnraum-Situation bestimmt derzeit Arbeit"},"content":{"rendered":"<p>Die Wohnraumbeschaffung erweist sich f\u00fcr die Mitarbeiterinnen und Mitarbeiter der Allgemeinen Sozial- und Lebensberatung (ASB) in den regionalen Caritasverb\u00e4nden im Bistum Fulda derzeit als eines der frappierenden Problemstellungen. Dies res\u00fcmierten die Mitglieder der Di\u00f6zesanen Arbeitsgruppe, die sich turnusgem\u00e4\u00df unter Leitung des Referenten Soziale Dienste beim Caritasverband f\u00fcr die Di\u00f6zese Fulda, Franz J. Meyer, zu ihrer Fr\u00fchjahrssitzung im Caritas-Haus in Fulda trafen. Teilnehmer waren diesmal Holger Franz vom Caritasverband f\u00fcr den Main-Kinzig-Kreis in Hanau, Karin St\u00fcrznickel-Holst vom Caritasverband Nordhessen-Kassel sowie Ursula Pr\u00fcm von der Caritas-Dienststelle in Bebra. Mit zum Gremium geh\u00f6rt auch Werner Althaus vom Caritasverband f\u00fcr die Regionen Fulda und Kassel, der diesmal nicht teilnehmen konnte. Die Allgemeine Sozialberatung gilt f\u00fcr die Caritas als\u00c2\u00a0 erste \u201cClearingstelle\u00e2\u20ac\u009d f\u00fcr alle Ratsuchenden. Im Erstgespr\u00e4ch werden die individuelle Problemlage analysiert und weitere Schritte zur Beratung und Hilfe abgestimmt.<\/p>\n<p>\u201cImmer h\u00e4ufiger werden wir derzeit damit konfrontiert, dass Menschen im Zusammenhang mit\u00c2\u00a0 \u00dcberschuldung, Langzeitarbeitslosigkeit oder auch als Ausl\u00e4nder vergeblich Wohnraum suchen und die Mitarbeiter der ASB um Hilfe ersuchen\u00e2\u20ac\u009d, berichtet Holger Franz, der in Hanau als Sozialberater t\u00e4tig ist. \u201cUnsere M\u00f6glichkeiten sind aber aus verschiedenen Gr\u00fcnden begrenzt: F\u00fcr Menschen, die Sozialhilfe empfangen, sind Gr\u00f6\u00dfe der Wohnung und Kosten daf\u00fcr reglementiert. Dabei haben wir das Ph\u00e4nomen, dass durch eine allgemein angespanntere Lage am Wohnungsmarkt solch preiswerte Wohnungen in n\u00f6tiger Gr\u00f6\u00dfe \u00fcberhaupt nicht mehr beschaffbar sind\u00e2\u20ac\u009d, unterstreicht der Caritasvertreter des Main-Kinzig-Kreises. Doch auch im tieferen l\u00e4ndlichen Raum ist die Situation angespannt. Ursula Pr\u00fcm aus Bebra: \u201cWirklich bedarfgsgerecht ist kaum etwas zu wollen. F\u00fcr Fl\u00fcchtlingsfamilien, die aus der Gemeinschaftsunterkunft in eigene Wohnungen umziehen d\u00fcrfen, fehlt es an den n\u00f6tigen gro\u00dfen Wohnungen. Wie soll man mit vier oder f\u00fcnf Kindern in Zwei-Zimmer-Wohnungen unterkommen?\u00c2\u00a0 Und oft ist die Qualit\u00e4t der zum beh\u00f6rdlich verordneten Preis angebotenen Wohnungen derartig minderwertig, dass es kein Wunder ist, wenn die Menschen nach kurzer Zeit bereits wieder auf der Suche nach der n\u00e4chsten Wohnung sind und erneut in die Beratung kommen\u00e2\u20ac\u009d.<\/p>\n<p>Da Wohnraumbeschaffung angesichts des hohen Bedarfs in Deutschland mittlerweile ein lukratives Gesch\u00e4ft ist, sind auch in kleineren St\u00e4dten und selbst auf dem Lande Immobilien attraktive Spekulationsobjekte; die H\u00e4user, die f\u00fcr die Vermittlung sozial schw\u00e4cherer Menschen in Frage kommen, werden dabei oft in ihrer Bausubstanz systematisch vernachl\u00e4ssigt und heruntergewirtschaftet. Auf der Strecke bleibt meist das Klientel der ASB: \u201cIn Kassel haben wir zudem die Situation, dass viele Studenten Wohnraum ben\u00f6tigen. Diese werden von den Vermietern dann noch bevorzugt, denn mit Sozialhilfe und Schufa-Eintrag sind unsere Betreuten f\u00fcr sie als Mieter meist zu unsichere Kandidaten\u00e2\u20ac\u009d, erl\u00e4utert Karin St\u00fcrznickel-Holst vom Caritasverband Nordhessen.<\/p>\n<p>Nat\u00fcrlich k\u00f6nnen die Sozialberater auch Erfolge verbuchen und f\u00fcr ihr Klientel \u2013 oft in konstruktiver Zusammenarbeit mit den Beh\u00f6rden \u2013 eine angemessene L\u00f6sung finden. Aber es sind immer nur Einzelfalll\u00f6sungen. \u201cWenn wir das Grundproblem beseitigen wollen, m\u00fcssen wir auf die politische Ebene gehen\u00e2\u20ac\u009d, unterstreicht Referent Franz Meyer. \u201cAber deshalb setzen wir uns ja eben auch zusammen, um die relevanten Themen der Allgemeinen Sozialberatung zu identifizieren. Ich gebe diese Themen dann in die Gremien der Hessen-Caritas hinein. Dort erfolgt dann die Pr\u00fcfung, wie man darauf einwirken kann, die zur\u00fcck gemeldeten Missst\u00e4nde auch nachhaltig durch entsprechende sozialpolitsche Schritte zu beseitigen.\u00e2\u20ac\u009d<\/p>\n<p>Werner Althaus vom Regional-Caritasverband Fulda kann erkl\u00e4rterma\u00dfen alle Erfahrungen seiner Kolleginnen und Kollegen in Hinblick auf die speziellen Fragen der Wohnraumbeschaffung best\u00e4tigen. Einig sind sich die ASB-Vertreter auch darin, dass der einzelne betroffene Mensch immer im Mittelpunkt ihrer Arbeit stehen wird. \u201cAm Einzelfall l\u00e4sst sich ersehen, dass individuelle Hilfe viel bewirken kann\u00e2\u20ac\u009d sagt Karin St\u00fcrznickel-Holst. \u201cWenn jemand wieder \u00e4u\u00dferlich gefestigt ist, zum Beispiel indem er wieder eine ad\u00e4quate Wohnung mit gutem Lebensumfeld hat, dann sehen wir diesen Menschen auch wieder regelrecht aufbl\u00fchen. Deshalb ist es so wichtig, dass den Menschen durch die Hilfe wieder echte Zukunftsperspektiven geschaffen werden. Wir wollen ja keinesfalls, dass Allgemeine Sozialberatung f\u00fcr alle Betroffenen zur Dauereinrichtung werden muss.\u00e2\u20ac\u009d<\/p>\n","protected":false},"excerpt":{"rendered":"<div class=\"tmnf_excerpt\"><p>Die Wohnraumbeschaffung erweist sich f\u00fcr die Mitarbeiterinnen und Mitarbeiter der Allgemeinen Sozial- und Lebensberatung (ASB) in den regionalen Caritasverb\u00e4nden im Bistum Fulda derzeit als eines der frappierenden Problemstellungen. Dies res\u00fcmierten die Mitglieder der Di\u00f6zesanen Arbeitsgruppe, die sich turnusgem\u00e4\u00df unter Leitung des Referenten Soziale Dienste beim Caritasverband f\u00fcr die Di\u00f6zese Fulda, Franz J. Meyer, zu ihrer &hellip;<\/p>\n<\/div>","protected":false},"author":1,"featured_media":138190,"comment_status":"closed","ping_status":"closed","sticky":false,"template":"","format":"standard","meta":{"footnotes":""},"categories":[1,51],"tags":[],"class_list":["post-138186","post","type-post","status-publish","format-standard","has-post-thumbnail","hentry","category-startseite","category-medizin"],"_links":{"self":[{"href":"https:\/\/www.fuldaernachrichten.de\/index.php?rest_route=\/wp\/v2\/posts\/138186","targetHints":{"allow":["GET"]}}],"collection":[{"href":"https:\/\/www.fuldaernachrichten.de\/index.php?rest_route=\/wp\/v2\/posts"}],"about":[{"href":"https:\/\/www.fuldaernachrichten.de\/index.php?rest_route=\/wp\/v2\/types\/post"}],"author":[{"embeddable":true,"href":"https:\/\/www.fuldaernachrichten.de\/index.php?rest_route=\/wp\/v2\/users\/1"}],"replies":[{"embeddable":true,"href":"https:\/\/www.fuldaernachrichten.de\/index.php?rest_route=%2Fwp%2Fv2%2Fcomments&post=138186"}],"version-history":[{"count":1,"href":"https:\/\/www.fuldaernachrichten.de\/index.php?rest_route=\/wp\/v2\/posts\/138186\/revisions"}],"predecessor-version":[{"id":138192,"href":"https:\/\/www.fuldaernachrichten.de\/index.php?rest_route=\/wp\/v2\/posts\/138186\/revisions\/138192"}],"wp:featuredmedia":[{"embeddable":true,"href":"https:\/\/www.fuldaernachrichten.de\/index.php?rest_route=\/wp\/v2\/media\/138190"}],"wp:attachment":[{"href":"https:\/\/www.fuldaernachrichten.de\/index.php?rest_route=%2Fwp%2Fv2%2Fmedia&parent=138186"}],"wp:term":[{"taxonomy":"category","embeddable":true,"href":"https:\/\/www.fuldaernachrichten.de\/index.php?rest_route=%2Fwp%2Fv2%2Fcategories&post=138186"},{"taxonomy":"post_tag","embeddable":true,"href":"https:\/\/www.fuldaernachrichten.de\/index.php?rest_route=%2Fwp%2Fv2%2Ftags&post=138186"}],"curies":[{"name":"wp","href":"https:\/\/api.w.org\/{rel}","templated":true}]}}