{"id":138184,"date":"2015-05-05T10:57:36","date_gmt":"2015-05-05T08:57:36","guid":{"rendered":"http:\/\/www.fuldaer-nachrichten.de\/?p=138184"},"modified":"2015-05-05T10:57:36","modified_gmt":"2015-05-05T08:57:36","slug":"herzblut-fuer-buecher-und-leser-ingrid-kircher-wurde-verabschiedet-eva-maria-stadtmueller-uebernimmt","status":"publish","type":"post","link":"https:\/\/www.fuldaernachrichten.de\/?p=138184","title":{"rendered":"Herzblut f\u00fcr B\u00fccher und Leser &#8211; Ingrid Kircher wurde verabschiedet &#8211; Eva-Maria Stadtm\u00fcller \u00fcbernimmt"},"content":{"rendered":"<p>Viel Herzblut und Leidenschaft hat Ingrid Kircher in den zur\u00fcckliegenden 19 Jahren in ihre Arbeit in die H\u00fcnfelder Stadtbibliothek investiert, jetzt wurde sie durch B\u00fcrgermeister Stefan Schwenk verabschiedet.<\/p>\n<p>Ihre Nachfolgerin ist Eva-Maria Stadtm\u00fcller, die k\u00fcnftig unterst\u00fctzt durch Gabriele Schabel und Evelyn Sch\u00f6nherr die st\u00e4dtische Bibliothek leiten wird. Der B\u00fcrgermeister dankte der langj\u00e4hrigen Mitarbeiterin f\u00fcr ihren gro\u00dfen Einsatz, ihr hohes Engagement und vielen Stunden, die sie ehrenamtlich f\u00fcr die Stadtbibliothek gearbeitet hat. Ingrid Kircher begann 1996, als die Bibliothek gerade erweitert wurde. 2006 \u00fcbernahm sie die Leitung und engagierte sich bei der Umstellung der gesamten Ausleihe auf EDV-Basis sowie bei der Einf\u00fchrung einer Onlinerecherche, \u00fcber die sich Leser \u00fcber den Buchbestand und die aktuelle Verf\u00fcgbarkeit von B\u00fcchern informieren k\u00f6nnen. Immerhin verf\u00fcgt die Bibliothek gegenw\u00e4rtig \u00fcber rund 20.000 Medien und hat rund 4.000 regelm\u00e4\u00dfige Leser aus dem gesamten H\u00fcnfelder Land und dem benachbarten Geisaer Amt. Allein im vergangenen Jahr konnte der Buchbestand f\u00fcr rund 19.000,00 \u00e2\u201a\u00ac erg\u00e4nzt und erneuert werden.<br \/>\nIngrid Kircher freue sich darauf, wie sie gegen\u00fcber dem B\u00fcrgermeister bekannte, nun in die Bibliothek selbst als regelm\u00e4\u00dfige Leserin zu kommen. Die gelernte Buchh\u00e4ndlerin zeigte sich \u00fcberzeugt, dass die Bibliothek bei ihrer Nachfolgerin, die sie in den letzten Wochen einarbeiten konnte, \u201ein guten H\u00e4nden\u201c ist.\u00c2\u00a0 Wichtig war f\u00fcr sie, dass sie immer wieder auch gro\u00dfe Unterst\u00fctzung seitens der Stadtverwaltung und des B\u00fcrgermeisters erfahren habe.<\/p>\n<p>Wie sie aus Treffen mit anderen Bibliotheksb\u00fcchereileiterinnen wisse, sei dies keineswegs \u00fcberall der Fall. Sie habe immer ein offenes Ohr f\u00fcr die Anliegen der Stadtbibliothek gefunden.<\/p>\n<p>Besonders gern erinnert sie sich an die \u201eBetriebsausfl\u00fcge\u201c mit ihren Kollegen, die sie immer wieder auf Buchmessen, unter anderem nach Leipzig gef\u00fchrt hatte.<\/p>\n<p>Die Bibliothek ist jeweils montags von 11 Uhr bis 12 Uhr sowie von 16 Uhr bis 19 Uhr und donnerstags von 15 Uhr bis 19 Uhr ge\u00f6ffnet. Online kann zum Buchbestand \u00fcber das Opac-System unter www.h\u00fcnfeld.de recherchiert werden.<\/p>\n","protected":false},"excerpt":{"rendered":"<div class=\"tmnf_excerpt\"><p>Viel Herzblut und Leidenschaft hat Ingrid Kircher in den zur\u00fcckliegenden 19 Jahren in ihre Arbeit in die H\u00fcnfelder Stadtbibliothek investiert, jetzt wurde sie durch B\u00fcrgermeister Stefan Schwenk verabschiedet. Ihre Nachfolgerin ist Eva-Maria Stadtm\u00fcller, die k\u00fcnftig unterst\u00fctzt durch Gabriele Schabel und Evelyn Sch\u00f6nherr die st\u00e4dtische Bibliothek leiten wird. Der B\u00fcrgermeister dankte der langj\u00e4hrigen Mitarbeiterin f\u00fcr ihren &hellip;<\/p>\n<\/div>","protected":false},"author":1,"featured_media":138187,"comment_status":"closed","ping_status":"closed","sticky":false,"template":"","format":"standard","meta":{"footnotes":""},"categories":[1],"tags":[],"class_list":["post-138184","post","type-post","status-publish","format-standard","has-post-thumbnail","hentry","category-startseite"],"_links":{"self":[{"href":"https:\/\/www.fuldaernachrichten.de\/index.php?rest_route=\/wp\/v2\/posts\/138184","targetHints":{"allow":["GET"]}}],"collection":[{"href":"https:\/\/www.fuldaernachrichten.de\/index.php?rest_route=\/wp\/v2\/posts"}],"about":[{"href":"https:\/\/www.fuldaernachrichten.de\/index.php?rest_route=\/wp\/v2\/types\/post"}],"author":[{"embeddable":true,"href":"https:\/\/www.fuldaernachrichten.de\/index.php?rest_route=\/wp\/v2\/users\/1"}],"replies":[{"embeddable":true,"href":"https:\/\/www.fuldaernachrichten.de\/index.php?rest_route=%2Fwp%2Fv2%2Fcomments&post=138184"}],"version-history":[{"count":1,"href":"https:\/\/www.fuldaernachrichten.de\/index.php?rest_route=\/wp\/v2\/posts\/138184\/revisions"}],"predecessor-version":[{"id":138188,"href":"https:\/\/www.fuldaernachrichten.de\/index.php?rest_route=\/wp\/v2\/posts\/138184\/revisions\/138188"}],"wp:featuredmedia":[{"embeddable":true,"href":"https:\/\/www.fuldaernachrichten.de\/index.php?rest_route=\/wp\/v2\/media\/138187"}],"wp:attachment":[{"href":"https:\/\/www.fuldaernachrichten.de\/index.php?rest_route=%2Fwp%2Fv2%2Fmedia&parent=138184"}],"wp:term":[{"taxonomy":"category","embeddable":true,"href":"https:\/\/www.fuldaernachrichten.de\/index.php?rest_route=%2Fwp%2Fv2%2Fcategories&post=138184"},{"taxonomy":"post_tag","embeddable":true,"href":"https:\/\/www.fuldaernachrichten.de\/index.php?rest_route=%2Fwp%2Fv2%2Ftags&post=138184"}],"curies":[{"name":"wp","href":"https:\/\/api.w.org\/{rel}","templated":true}]}}