{"id":138176,"date":"2015-05-05T10:55:42","date_gmt":"2015-05-05T08:55:42","guid":{"rendered":"http:\/\/www.fuldaer-nachrichten.de\/?p=138176"},"modified":"2015-05-05T10:55:42","modified_gmt":"2015-05-05T08:55:42","slug":"sonntagsmatinee-im-klinikum-fulda-live-musik-mit-dem-oldenburg-gajda-duo","status":"publish","type":"post","link":"https:\/\/www.fuldaernachrichten.de\/?p=138176","title":{"rendered":"Sonntagsmatinee im Klinikum Fulda: Live-Musik mit dem Oldenburg-Gajda-Duo"},"content":{"rendered":"<p>Lecker fr\u00fchst\u00fccken und dabei gute Live-Musik h\u00f6ren: Das gibt es in der Eingangshalle des Klinikums Fulda, wo ein\u00c2\u00a0 reichhaltiges Angebot der B\u00e4ckerei Happ\u00c2\u00a0 auf Patienten, Angeh\u00f6rige und Besucher wartet. Im Rahmen der Reihe \u201eSonntagsmatinee\u201c spielt am Sonntag, 10.05.2015, von 10.00 bis 12.00 Uhr das\u00c2\u00a0 Oldenburg-Gajda-Duo der Musikschule der Stadt Fulda.<\/p>\n<p>Die beiden ukrainischen Musikerinnen Natalya Oldenburg (Bratsche) und Marina Gajda (Klavier) haben sich 2011 an der Musikschule Fulda kennengelernt und\u00c2\u00a0 musizieren seitdem zusammen. Ihr Musikstudium schlossen sie in der Ukraine ab. Auf ihrer beruflichen Laufbahn durch Musikwettbewerbe, Konzerte, CD-Aufnahmen, Kabarettabende und Kammermusikprojekte sammelten die Musikerinnen professionelle Erfahrungen. Ob gro\u00dfer Konzertsaal oder Privatveranstaltung \u2013 der pers\u00f6nliche Kontakt mit dem Publikum liegt Natalya und Marina besonders am Herzen. Heute geben die Musikerinnen ihr Wissen an Sch\u00fcler der Musikschule Fulda weiter und arbeiten als Duo an verschiedenen B\u00fchnen Deutschlands.<\/p>\n<p>Ihre Auftritte sind gepr\u00e4gt von unb\u00e4ndiger Freude am Musizieren und kreativen Gestaltungswillen, die sich unmittelbar auf das Publikum \u00fcbertragen. Mit Virtuosit\u00e4t und Brillanz geben sie jedem St\u00fcck eine individuelle Note. So begeistern die beiden professionellen Musikerinnen mit ihrem einzigartigen Stil immer wieder ihr Publikum.<\/p>\n<p>Das Repertoire umfasst klassische Ohrw\u00fcrmer wie Vivaldis \u201eJahreszeiten\u201c, H\u00e4ndels \u201eQueen of Sheba\u201c, Boccherinis \u201eMenuett\u201c, die \u201eTritsch-Tratsch-Polka\u201c von Johann Strau\u00df, aber auch Evergreens wie Simon &amp; Garfunkels \u201eScarborough Fair\u201c, Kurt Weills \u201eMackie Messer\u201c, das durch Ray Charles bekannt gewordene \u201eGeorgia on my Mind\u201c und viele, viele St\u00fccke mehr.<\/p>\n<p>Die n\u00e4chste Sonntagmatinee ist am 14.06.2015, 10.00 \u2013 12.00 Uhr in der Eingangshalle des\u00c2\u00a0 Klinikums Fulda geplant.<\/p>\n","protected":false},"excerpt":{"rendered":"<div class=\"tmnf_excerpt\"><p>Lecker fr\u00fchst\u00fccken und dabei gute Live-Musik h\u00f6ren: Das gibt es in der Eingangshalle des Klinikums Fulda, wo ein\u00c2\u00a0 reichhaltiges Angebot der B\u00e4ckerei Happ\u00c2\u00a0 auf Patienten, Angeh\u00f6rige und Besucher wartet. Im Rahmen der Reihe \u201eSonntagsmatinee\u201c spielt am Sonntag, 10.05.2015, von 10.00 bis 12.00 Uhr das\u00c2\u00a0 Oldenburg-Gajda-Duo der Musikschule der Stadt Fulda. Die beiden ukrainischen Musikerinnen Natalya &hellip;<\/p>\n<\/div>","protected":false},"author":1,"featured_media":138180,"comment_status":"closed","ping_status":"closed","sticky":false,"template":"","format":"standard","meta":{"footnotes":""},"categories":[51,44],"tags":[],"class_list":["post-138176","post","type-post","status-publish","format-standard","has-post-thumbnail","hentry","category-medizin","category-kultur"],"_links":{"self":[{"href":"https:\/\/www.fuldaernachrichten.de\/index.php?rest_route=\/wp\/v2\/posts\/138176","targetHints":{"allow":["GET"]}}],"collection":[{"href":"https:\/\/www.fuldaernachrichten.de\/index.php?rest_route=\/wp\/v2\/posts"}],"about":[{"href":"https:\/\/www.fuldaernachrichten.de\/index.php?rest_route=\/wp\/v2\/types\/post"}],"author":[{"embeddable":true,"href":"https:\/\/www.fuldaernachrichten.de\/index.php?rest_route=\/wp\/v2\/users\/1"}],"replies":[{"embeddable":true,"href":"https:\/\/www.fuldaernachrichten.de\/index.php?rest_route=%2Fwp%2Fv2%2Fcomments&post=138176"}],"version-history":[{"count":1,"href":"https:\/\/www.fuldaernachrichten.de\/index.php?rest_route=\/wp\/v2\/posts\/138176\/revisions"}],"predecessor-version":[{"id":138181,"href":"https:\/\/www.fuldaernachrichten.de\/index.php?rest_route=\/wp\/v2\/posts\/138176\/revisions\/138181"}],"wp:featuredmedia":[{"embeddable":true,"href":"https:\/\/www.fuldaernachrichten.de\/index.php?rest_route=\/wp\/v2\/media\/138180"}],"wp:attachment":[{"href":"https:\/\/www.fuldaernachrichten.de\/index.php?rest_route=%2Fwp%2Fv2%2Fmedia&parent=138176"}],"wp:term":[{"taxonomy":"category","embeddable":true,"href":"https:\/\/www.fuldaernachrichten.de\/index.php?rest_route=%2Fwp%2Fv2%2Fcategories&post=138176"},{"taxonomy":"post_tag","embeddable":true,"href":"https:\/\/www.fuldaernachrichten.de\/index.php?rest_route=%2Fwp%2Fv2%2Ftags&post=138176"}],"curies":[{"name":"wp","href":"https:\/\/api.w.org\/{rel}","templated":true}]}}