{"id":138164,"date":"2015-05-05T10:55:06","date_gmt":"2015-05-05T08:55:06","guid":{"rendered":"http:\/\/www.fuldaer-nachrichten.de\/?p=138164"},"modified":"2015-05-05T10:55:06","modified_gmt":"2015-05-05T08:55:06","slug":"von-fulda-hinaus-in-die-welt-zirkeltraining-4-mit-wojtek-kutsche-chasing-kurt-suol","status":"publish","type":"post","link":"https:\/\/www.fuldaernachrichten.de\/?p=138164","title":{"rendered":"Von Fulda hinaus in die Welt &#8211; Zirkeltraining #4 mit Wojtek Kutsche\/ Chasing Kurt\/ suol"},"content":{"rendered":"<p>F\u00fcr alle Freunde des gepflegten House-Sounds pr\u00e4sentieren wir mit Wojtek Kutschke, Mitglied des Trios Chasing Kurt den ersten richtigen Kracher des noch jungen Jahres. Von Fulda hinaus in die Welt: Ob im \u201eUshuaia\u201c auf Ibiza oder \u201eThe Egg\u201c in London, Wojtek bringt \u00fcberall seinen deepen House Sound erfolgreich unter das Volk. Dabei sind dem sympathischen Fuldaer DJ und Produzent Star-All\u00fcren fremd. Er ist einfach kreatives Multitalent, das schon Mitte der 2000er Jahre die House-Szene in Fulda beeinflusste. Ein gefeiertes Albumrelease, ihr Mega-Hit \u201eFrom The Inside\u201c erschien auf SUOL. Zus\u00e4tzlich wurde das englische House-\u00dcberlabel Defected auf die drei Jungs aufmerksam und pushte \u201eFrom The Inside\u201c noch mal eine Stufe h\u00f6her. Die Remix-Beitr\u00e4ge u.a. von Henrik Schwarz katapultierten \u201eFrom The Inside\u201c hoch in die DJ-Charts und selbst Techno-Godfather Sven V\u00e4th spielte den Househit des Jahres 2014 in seinen Sets in Ibiza! Seit Ver\u00f6ffentlichung ihres ersten Albums touren die drei, die damals in Gie\u00dfen zueinander gefunden haben, als eine der begehrtesten Neuerscheinungen der elektronischen Musikszene durch die deutschen und internationalen Clubs. Am 08. Mai ist Wojtek Kutschke mit einem DJ Set zu Gast beim \u201eZirkeltraining\u201c im Neidclub Fulda. Wir freuen uns auf klassischen House Sound, bestechend durch coole Deepness. Local Support: Red. Beginn: 23:59 Uhr.<\/p>\n","protected":false},"excerpt":{"rendered":"<div class=\"tmnf_excerpt\"><p>F\u00fcr alle Freunde des gepflegten House-Sounds pr\u00e4sentieren wir mit Wojtek Kutschke, Mitglied des Trios Chasing Kurt den ersten richtigen Kracher des noch jungen Jahres. Von Fulda hinaus in die Welt: Ob im \u201eUshuaia\u201c auf Ibiza oder \u201eThe Egg\u201c in London, Wojtek bringt \u00fcberall seinen deepen House Sound erfolgreich unter das Volk. Dabei sind dem sympathischen &hellip;<\/p>\n<\/div>","protected":false},"author":1,"featured_media":138177,"comment_status":"closed","ping_status":"closed","sticky":false,"template":"","format":"standard","meta":{"footnotes":""},"categories":[1,44],"tags":[],"class_list":["post-138164","post","type-post","status-publish","format-standard","has-post-thumbnail","hentry","category-startseite","category-kultur"],"_links":{"self":[{"href":"https:\/\/www.fuldaernachrichten.de\/index.php?rest_route=\/wp\/v2\/posts\/138164","targetHints":{"allow":["GET"]}}],"collection":[{"href":"https:\/\/www.fuldaernachrichten.de\/index.php?rest_route=\/wp\/v2\/posts"}],"about":[{"href":"https:\/\/www.fuldaernachrichten.de\/index.php?rest_route=\/wp\/v2\/types\/post"}],"author":[{"embeddable":true,"href":"https:\/\/www.fuldaernachrichten.de\/index.php?rest_route=\/wp\/v2\/users\/1"}],"replies":[{"embeddable":true,"href":"https:\/\/www.fuldaernachrichten.de\/index.php?rest_route=%2Fwp%2Fv2%2Fcomments&post=138164"}],"version-history":[{"count":1,"href":"https:\/\/www.fuldaernachrichten.de\/index.php?rest_route=\/wp\/v2\/posts\/138164\/revisions"}],"predecessor-version":[{"id":138178,"href":"https:\/\/www.fuldaernachrichten.de\/index.php?rest_route=\/wp\/v2\/posts\/138164\/revisions\/138178"}],"wp:featuredmedia":[{"embeddable":true,"href":"https:\/\/www.fuldaernachrichten.de\/index.php?rest_route=\/wp\/v2\/media\/138177"}],"wp:attachment":[{"href":"https:\/\/www.fuldaernachrichten.de\/index.php?rest_route=%2Fwp%2Fv2%2Fmedia&parent=138164"}],"wp:term":[{"taxonomy":"category","embeddable":true,"href":"https:\/\/www.fuldaernachrichten.de\/index.php?rest_route=%2Fwp%2Fv2%2Fcategories&post=138164"},{"taxonomy":"post_tag","embeddable":true,"href":"https:\/\/www.fuldaernachrichten.de\/index.php?rest_route=%2Fwp%2Fv2%2Ftags&post=138164"}],"curies":[{"name":"wp","href":"https:\/\/api.w.org\/{rel}","templated":true}]}}