{"id":138159,"date":"2015-05-05T10:51:24","date_gmt":"2015-05-05T08:51:24","guid":{"rendered":"http:\/\/www.fuldaer-nachrichten.de\/?p=138159"},"modified":"2015-05-05T10:51:24","modified_gmt":"2015-05-05T08:51:24","slug":"1-und-2-plaetze-fuer-die-paare-der-tanz-freunde-fulda-beim-breitensport-tanzwettbewerb-in-aschaffenburg","status":"publish","type":"post","link":"https:\/\/www.fuldaernachrichten.de\/?p=138159","title":{"rendered":"1. und 2. Pl\u00e4tze f\u00fcr die Paare der Tanz-Freunde Fulda beim Breitensport-Tanzwettbewerb in Aschaffenburg"},"content":{"rendered":"<p><a href=\"http:\/\/www.fuldaer-nachrichten.de\/wp-content\/uploads\/2015\/05\/DSC04005.jpg\"><img decoding=\"async\" class=\"alignleft size-medium wp-image-138162\" src=\"http:\/\/www.fuldaer-nachrichten.de\/wp-content\/uploads\/2015\/05\/DSC04005-265x183.jpg\" alt=\"DSC04005\" width=\"265\" height=\"183\" srcset=\"https:\/\/www.fuldaernachrichten.de\/wp-content\/uploads\/2015\/05\/DSC04005-265x183.jpg 265w, https:\/\/www.fuldaernachrichten.de\/wp-content\/uploads\/2015\/05\/DSC04005-600x415.jpg 600w, https:\/\/www.fuldaernachrichten.de\/wp-content\/uploads\/2015\/05\/DSC04005.jpg 900w\" sizes=\"(max-width: 265px) 100vw, 265px\" \/><\/a>Am vergangenen Samstag machten sich f\u00fcnf Paare und ihre Trainer auf den Weg nach Aschaffenburg zu ihrem zweiten Breitensport-Tanzturnier. In den Clubr\u00e4umen des TSC Schwarz-Gold Aschaffenburg trafen sich 19 Breitensportpaare zu diesem sportlichen Wettbewerb. Getanzt wurde in zwei Startgruppen, Breitensportler (mehr als drei getanzte Turniere) und Newcomer.<\/p>\n<p>Gewertet werden die besten drei aus f\u00fcnf T\u00e4nzen. Diese f\u00fcnf T\u00e4nze k\u00f6nnen die Paare selbst aus den insgesamt zehn Standard- und Latein-T\u00e4nzen w\u00e4hlen. Sechs Wertungsrichter\u00c2\u00a0 mit gro\u00dfer t\u00e4nzerischer Erfahrung\u00c2\u00a0 beurteilten die T\u00e4nzerinnen und T\u00e4nzer in zwei Startrunden. Waren die Fuldaer Breitensportpaare in der 1. Runde noch aufgeregt und nerv\u00f6s, so konnten sie doch in der 2. Runde die Wertungsrichter durch Taktsicherheit, hervorragende Fu\u00dfarbeit und Ausstrahlung \u00fcberzeugen.<br \/>\nDen 1. Platz bei den Newcomern ertanzten sich die Tanz-Freunde Paare Matthias und Kathrin Girlach, Michael und Waltraud Heimann sowie Thomas und Sylvia Schad. \u00dcber einen hervorragenden 2. Platz in diesem Tanzwettbewerb freuten sich Klaus und Christine Schmitt und Gerrit und Virginia ten Hoorn. Ihre Trainer Dirk und Annette Andr\u00e4 zeigten sich sehr zufrieden \u00fcber die Leistungen ihrer Paare, die mit viel Flei\u00df jeden Dienstag in einer Vorbereitungsgruppe f\u00fcr Turniereinsteiger trainieren.<\/p>\n<p>Zum Bild v. l.:<br \/>\nKlaus und Christine Schmitt, Gerrit und Virginia ten Hoorn, Sylvia und Thomas Schad, Waltraud und Michael Heimann, Kathrin und Matthias Girlach<\/p>\n","protected":false},"excerpt":{"rendered":"<div class=\"tmnf_excerpt\"><p>Am vergangenen Samstag machten sich f\u00fcnf Paare und ihre Trainer auf den Weg nach Aschaffenburg zu ihrem zweiten Breitensport-Tanzturnier. In den Clubr\u00e4umen des TSC Schwarz-Gold Aschaffenburg trafen sich 19 Breitensportpaare zu diesem sportlichen Wettbewerb. Getanzt wurde in zwei Startgruppen, Breitensportler (mehr als drei getanzte Turniere) und Newcomer. Gewertet werden die besten drei aus f\u00fcnf T\u00e4nzen. &hellip;<\/p>\n<\/div>","protected":false},"author":1,"featured_media":138161,"comment_status":"closed","ping_status":"closed","sticky":false,"template":"","format":"standard","meta":{"footnotes":""},"categories":[1,46],"tags":[],"class_list":["post-138159","post","type-post","status-publish","format-standard","has-post-thumbnail","hentry","category-startseite","category-sport"],"_links":{"self":[{"href":"https:\/\/www.fuldaernachrichten.de\/index.php?rest_route=\/wp\/v2\/posts\/138159","targetHints":{"allow":["GET"]}}],"collection":[{"href":"https:\/\/www.fuldaernachrichten.de\/index.php?rest_route=\/wp\/v2\/posts"}],"about":[{"href":"https:\/\/www.fuldaernachrichten.de\/index.php?rest_route=\/wp\/v2\/types\/post"}],"author":[{"embeddable":true,"href":"https:\/\/www.fuldaernachrichten.de\/index.php?rest_route=\/wp\/v2\/users\/1"}],"replies":[{"embeddable":true,"href":"https:\/\/www.fuldaernachrichten.de\/index.php?rest_route=%2Fwp%2Fv2%2Fcomments&post=138159"}],"version-history":[{"count":1,"href":"https:\/\/www.fuldaernachrichten.de\/index.php?rest_route=\/wp\/v2\/posts\/138159\/revisions"}],"predecessor-version":[{"id":138163,"href":"https:\/\/www.fuldaernachrichten.de\/index.php?rest_route=\/wp\/v2\/posts\/138159\/revisions\/138163"}],"wp:featuredmedia":[{"embeddable":true,"href":"https:\/\/www.fuldaernachrichten.de\/index.php?rest_route=\/wp\/v2\/media\/138161"}],"wp:attachment":[{"href":"https:\/\/www.fuldaernachrichten.de\/index.php?rest_route=%2Fwp%2Fv2%2Fmedia&parent=138159"}],"wp:term":[{"taxonomy":"category","embeddable":true,"href":"https:\/\/www.fuldaernachrichten.de\/index.php?rest_route=%2Fwp%2Fv2%2Fcategories&post=138159"},{"taxonomy":"post_tag","embeddable":true,"href":"https:\/\/www.fuldaernachrichten.de\/index.php?rest_route=%2Fwp%2Fv2%2Ftags&post=138159"}],"curies":[{"name":"wp","href":"https:\/\/api.w.org\/{rel}","templated":true}]}}