{"id":138144,"date":"2015-05-04T19:39:11","date_gmt":"2015-05-04T17:39:11","guid":{"rendered":"http:\/\/www.fuldaer-nachrichten.de\/?p=138144"},"modified":"2015-05-04T19:39:11","modified_gmt":"2015-05-04T17:39:11","slug":"phantasievolle-kreationen-mit-hohem-sitzkomfort","status":"publish","type":"post","link":"https:\/\/www.fuldaernachrichten.de\/?p=138144","title":{"rendered":"Phantasievolle Kreationen mit hohem Sitzkomfort"},"content":{"rendered":"<p><a href=\"http:\/\/www.fuldaer-nachrichten.de\/wp-content\/uploads\/2015\/05\/DSC_0413.jpg\"><img decoding=\"async\" class=\"alignleft size-medium wp-image-138147\" src=\"http:\/\/www.fuldaer-nachrichten.de\/wp-content\/uploads\/2015\/05\/DSC_0413-175x265.jpg\" alt=\"DSC_0413\" width=\"175\" height=\"265\" srcset=\"https:\/\/www.fuldaernachrichten.de\/wp-content\/uploads\/2015\/05\/DSC_0413-175x265.jpg 175w, https:\/\/www.fuldaernachrichten.de\/wp-content\/uploads\/2015\/05\/DSC_0413-265x400.jpg 265w, https:\/\/www.fuldaernachrichten.de\/wp-content\/uploads\/2015\/05\/DSC_0413-397x600.jpg 397w, https:\/\/www.fuldaernachrichten.de\/wp-content\/uploads\/2015\/05\/DSC_0413.jpg 900w\" sizes=\"(max-width: 175px) 100vw, 175px\" \/><\/a>Massiv, aber bequem und einladend \u2013 so steht sie da, die neue Bank aus hartem Holz unterm Baum am Luckenberg. Wer vom Trubel abseits\u00c2\u00a0 der Friedrichstra\u00dfe ein wenig verschnaufen m\u00f6chte, findet genau hier ein kleines lauschiges Idyll. Und sollte das Fass, das zur \u00dcbergabe der Bank das Ambiente (als Abstellfl\u00e4che f\u00fcr die Sektgl\u00e4ser) abrundete, auch noch in Zukunft stehen, ist der ideale Rahmen f\u00fcr ein nettes \u201eP\u00e4uschen\u201c unter dem sanft sich wiegenden Bl\u00e4tterdach perfekt.<\/p>\n<p>Elf B\u00e4nke \u00fcbergeben<\/p>\n<p>Elf B\u00e4nke sind es insgesamt, die die Schreinerinnung der Stadt zum Aufstellen und Versch\u00f6nern des Stadtbildes \u00fcbergeben hat. Die Innung beantwortet damit sinn(bild)lich die Frage, wie die Arbeit ihrer Mitglieder \u201ef\u00fcr die Bev\u00f6lkerung sichtbar ist.\u201c Innungsvertreter\u00c2\u00a0 Stefan Semler jedenfalls ist gespannt, wie die Fuldaer die B\u00e4nke annehmen werden. Eines seiner Ziele d\u00fcrfte auf alle F\u00e4lle erreicht sein: N\u00e4mlich auf au\u00dfergew\u00f6hnliche Weise das Schreinerhandwerk kennen- und sch\u00e4tzen zu lernen.<\/p>\n<p>Wunderbare Entwicklung<\/p>\n<p>Dass Semler sowie die Innung mit ihrer Idee richtig gelegen haben, belegte nicht nur die Reaktion von Fuldas Verwaltungschef Gerhard M\u00f6ller. Auch Michael Breuer, mit seiner Weinhandlung Anlieger des Luckenbergs, lie\u00df die G\u00e4ste der kleinen \u00dcbergabefeier seine Freude \u201e\u00fcber eine wunderbare Entwicklung\u201c sp\u00fcren. Er dankte sowohl der Innung als auch der Stadt f\u00fcr die \u201etolle Unterst\u00fctzung\u201c durch das Aufstellen der Bank.<br \/>\nLeider wirke der Luckenberg auf viele wie der \u201eHinterhof der Friedrichstra\u00dfe\u201c, bedauerte Breuer, um gleich hinzu zu f\u00fcgen, \u201edagegen wehren wir uns.\u201c<\/p>\n<p>Sympathiebekundung<\/p>\n<p>Was diese Aktion aus st\u00e4dtischer Sicht bedeutet, machte M\u00f6ller mit dem Hinweis deutlich, dass es sich um ein \u201ekleines St\u00fcck Stadtquartierentwicklung\u201c und um eine \u201ebesondere Sympathiebekundung der Innung zur Stadt\u201c handele. F\u00fcr die Zukunft hofft Fuldas Oberb\u00fcrgermeister auf weitere Ideen, um die Stadt \u201eerlebbarer und geruhsamer zu gestalten.\u201c\u00c2\u00a0 Sein Dank galt Stefan Semler und all jenen, die die Herstellung der B\u00e4nke als \u201ephantasievolle und kreative Aufgabe\u201c verstanden und daraus wahre Kunstwerke geschaffen h\u00e4tten. Begeistert zeigte sich auch Stadtbaurat Daniel Schreiner beim anschlie\u00dfenden Rundgang mit Andrea R\u00f6diger vom st\u00e4dtischen Gartenamt, die das Projekt begleitet hat, von den gelungenen Kreationen aus Holz. \u201eSie laden f\u00f6rmlich zum Ausprobieren ein und garantieren hohen Sitzkomfort.\u201c<\/p>\n","protected":false},"excerpt":{"rendered":"<div class=\"tmnf_excerpt\"><p>Massiv, aber bequem und einladend \u2013 so steht sie da, die neue Bank aus hartem Holz unterm Baum am Luckenberg. Wer vom Trubel abseits\u00c2\u00a0 der Friedrichstra\u00dfe ein wenig verschnaufen m\u00f6chte, findet genau hier ein kleines lauschiges Idyll. Und sollte das Fass, das zur \u00dcbergabe der Bank das Ambiente (als Abstellfl\u00e4che f\u00fcr die Sektgl\u00e4ser) abrundete, auch &hellip;<\/p>\n<\/div>","protected":false},"author":1,"featured_media":138146,"comment_status":"closed","ping_status":"closed","sticky":false,"template":"","format":"standard","meta":{"footnotes":""},"categories":[1],"tags":[],"class_list":["post-138144","post","type-post","status-publish","format-standard","has-post-thumbnail","hentry","category-startseite"],"_links":{"self":[{"href":"https:\/\/www.fuldaernachrichten.de\/index.php?rest_route=\/wp\/v2\/posts\/138144","targetHints":{"allow":["GET"]}}],"collection":[{"href":"https:\/\/www.fuldaernachrichten.de\/index.php?rest_route=\/wp\/v2\/posts"}],"about":[{"href":"https:\/\/www.fuldaernachrichten.de\/index.php?rest_route=\/wp\/v2\/types\/post"}],"author":[{"embeddable":true,"href":"https:\/\/www.fuldaernachrichten.de\/index.php?rest_route=\/wp\/v2\/users\/1"}],"replies":[{"embeddable":true,"href":"https:\/\/www.fuldaernachrichten.de\/index.php?rest_route=%2Fwp%2Fv2%2Fcomments&post=138144"}],"version-history":[{"count":1,"href":"https:\/\/www.fuldaernachrichten.de\/index.php?rest_route=\/wp\/v2\/posts\/138144\/revisions"}],"predecessor-version":[{"id":138148,"href":"https:\/\/www.fuldaernachrichten.de\/index.php?rest_route=\/wp\/v2\/posts\/138144\/revisions\/138148"}],"wp:featuredmedia":[{"embeddable":true,"href":"https:\/\/www.fuldaernachrichten.de\/index.php?rest_route=\/wp\/v2\/media\/138146"}],"wp:attachment":[{"href":"https:\/\/www.fuldaernachrichten.de\/index.php?rest_route=%2Fwp%2Fv2%2Fmedia&parent=138144"}],"wp:term":[{"taxonomy":"category","embeddable":true,"href":"https:\/\/www.fuldaernachrichten.de\/index.php?rest_route=%2Fwp%2Fv2%2Fcategories&post=138144"},{"taxonomy":"post_tag","embeddable":true,"href":"https:\/\/www.fuldaernachrichten.de\/index.php?rest_route=%2Fwp%2Fv2%2Ftags&post=138144"}],"curies":[{"name":"wp","href":"https:\/\/api.w.org\/{rel}","templated":true}]}}