{"id":138137,"date":"2015-05-04T19:37:14","date_gmt":"2015-05-04T17:37:14","guid":{"rendered":"http:\/\/www.fuldaer-nachrichten.de\/?p=138137"},"modified":"2015-05-04T19:37:14","modified_gmt":"2015-05-04T17:37:14","slug":"eine-coca-cola-flasche-als-datierungsmittel","status":"publish","type":"post","link":"https:\/\/www.fuldaernachrichten.de\/?p=138137","title":{"rendered":"Eine Coca-Cola Flasche als Datierungsmittel"},"content":{"rendered":"<p><a href=\"http:\/\/www.fuldaer-nachrichten.de\/wp-content\/uploads\/2015\/05\/Grube.jpg\"><img fetchpriority=\"high\" decoding=\"async\" class=\"alignleft size-medium wp-image-138139\" src=\"http:\/\/www.fuldaer-nachrichten.de\/wp-content\/uploads\/2015\/05\/Grube-265x193.jpg\" alt=\"Grube\" width=\"265\" height=\"193\" srcset=\"https:\/\/www.fuldaernachrichten.de\/wp-content\/uploads\/2015\/05\/Grube-265x193.jpg 265w, https:\/\/www.fuldaernachrichten.de\/wp-content\/uploads\/2015\/05\/Grube-600x437.jpg 600w, https:\/\/www.fuldaernachrichten.de\/wp-content\/uploads\/2015\/05\/Grube.jpg 900w\" sizes=\"(max-width: 265px) 100vw, 265px\" \/><\/a>Historische Ausgrabungen haben nicht immer mit der weitentfernten Geschichte zu tun. Das zeigt die neueste Entdeckung im Stadtgebiet Fuldas. Eine beckenartige Konstruktion im alten st\u00e4dtischen Friedhof stellt das Team um Stadt- und Kreisarch\u00e4ologen Dr. Frank Verse vor ein R\u00e4tsel.<\/p>\n<p>Vier mal f\u00fcnf Meter ist die Anlage gro\u00df, die entlang der Mauer des alten st\u00e4dtischen Friedhofes auf der Westseite freigelegt wurde. Im ersten Anblick sieht sie wie ein flaches, gepflastertes Becken aus, das von vier etwa 50 Zentimeter hohen Mauern eingeschlossen wird. Gebaut wurde es aus nahvorhandenem Material: alten Grabsteinen und Grabsockeln. Doch wer an eine uralte Konstruktion denkt, liegt falsch. Denn die Anlage ist nicht \u00e4lter als 90 Jahre.<\/p>\n<p>\u201eManche Grabsteine sind noch sehr gut lesbar. So auch der Grabstein von Rudolf Schwarz. Das Kind ist am 9. Januar 1895 gestorben.\u00c2\u00a0 Damals galt schon die Totenruhe\u201c, erkl\u00e4rt Dr. Verse und kommt zu dem Schluss \u201edass das Bauwerk daher fr\u00fchestens in den 1920er Jahre erbaut wurde.\u201c<\/p>\n<p><a href=\"http:\/\/www.fuldaer-nachrichten.de\/wp-content\/uploads\/2015\/05\/DSC_0215.jpg\"><img decoding=\"async\" class=\"alignleft size-medium wp-image-138140\" src=\"http:\/\/www.fuldaer-nachrichten.de\/wp-content\/uploads\/2015\/05\/DSC_0215-265x177.jpg\" alt=\"DSC_0215\" width=\"265\" height=\"177\" srcset=\"https:\/\/www.fuldaernachrichten.de\/wp-content\/uploads\/2015\/05\/DSC_0215-265x177.jpg 265w, https:\/\/www.fuldaernachrichten.de\/wp-content\/uploads\/2015\/05\/DSC_0215-600x400.jpg 600w, https:\/\/www.fuldaernachrichten.de\/wp-content\/uploads\/2015\/05\/DSC_0215.jpg 900w\" sizes=\"(max-width: 265px) 100vw, 265px\" \/><\/a>Die Konstruktion wurde durch Zufall entdeckt. \u201eAn dieser Stelle sollte ein Baum gepflanzt werden und deshalb musste eine Grube ausgehoben werden. Dabei kam ein Grabstein ans Tageslicht. Das Gr\u00fcnfl\u00e4chen-, Umwelt- und Friedhofsamt hat uns sofort informiert\u201c, erkl\u00e4rt Dr. Verse. Doch es sollte nicht bei einem Grabstein bleiben. \u201eWir haben angefangen zu suchen und immer mehr entdeckt. Zuerst haben wir an eine Bombengrube gedacht und wurden dann von der Struktur \u00fcberrascht\u201c, so Dr. Verse. Am Ende wurde mit Hilfe eines Kleinbaggers der ausf\u00fchrenden Firma Mann die gesamte Konstruktion freigelegt, wobei der\u00c2\u00a0 Kampfmittelr\u00e4umdienst die Ausgrabungen begleitete.<\/p>\n<p>Das Interesse des Arch\u00e4ologenteams, das auch von drei Teilnehmer des Girls\u00e2\u20ac\u02dc and Boys\u00e2\u20ac\u02dc Day unterst\u00fctzt wurde,\u00c2\u00a0 diente nicht nur der Anlage. Denn auch das F\u00fcllmaterial der Grube bringt einige Erkenntnisse. \u201eEs handelt sich um Bombenschutt. Wir haben Reste von einer englischen Fliegerbombe und viele andere Gegenst\u00e4nde gefunden\u201c, sagt der Stadt- und Kreisarch\u00e4ologe. Metall- und Glasreste sowie Tongef\u00e4\u00dfe ragen zahlreich aus der aufgesch\u00fctteten Erde. Einige Blecheimer wurden bereits herausgenommen. Denn das Augenmerk des Teams richtete sich auf besondere Gegenst\u00e4nde. \u201eWir haben eine Tasse der Fuldaer Gummiwerke gefunden, die eine Pr\u00e4gung des Hakenkreuzes auf dem Boden hat. Au\u00dferdem eine zwar leere, aber vollst\u00e4ndige Coca-Cola Flasche von 1945\u201c, erkl\u00e4rt Dr. Verse. Daraus ergibt sich, dass die Anlage zu Beginn der Besatzungszeit zugesch\u00fcttet wurde. \u201eCoca-Cola Flaschen kamen n\u00e4mlich\u00c2\u00a0 erst wieder nach dem Ende des Krieges mit den Amerikanern nach Deutschland.\u201c<\/p>\n<p>Auch besondere \u201eSch\u00e4tze\u201c wurden gefunden, wie beispielsweise ein sehr gut erhaltener Lippenstift in einer gold-roten H\u00fclle. \u201eWir haben unseren Augen nicht getraut.\u201c Auch eine gr\u00fcne Glasflasche mit der Aufschrift \u201eEigentum der Firma\u201c hat Dr. Verse zur Seite gelegt.\u00c2\u00a0 \u201eWir m\u00fcssen die Firma ausfindig machen, sonst unterschlagen wir Eigentum\u201c, scherzt er.<\/p>\n<p>Doch w\u00e4hrend die Zeitpunkte von Errichtung und Aufgabe des Bauwerks gut eingegrenzt werden k\u00f6nnen, bleibt dessen Nutzung f\u00fcr Dr. Verse r\u00e4tselhaft. \u201eDiese Anlage ist nirgendwo verzeichnet, auch nicht auf alten Pl\u00e4nen des Friedhofes\u201c, sagt der Stadt- und Kreisarch\u00e4ologe. \u201eRecherchen in den Akten des Stadtarchivs sind n\u00f6tig, um vielleicht erfahren zu k\u00f6nnen, wof\u00fcr die Konstruktion gebaut wurde\u201c, so Dr. Verse. \u201eWir wissen nur, dass zu diesem Zeitpunkt auf dem Friedhof eigentlich nicht mehr bestattet wurde, da daf\u00fcr bereits der neue Friedhof genutzt wurde.\u201c Er hofft auch auf Hinweise der Fuldaerinnen und Fuldaer: \u201eVielleicht gibt es noch Zeitzeugen, die mehr \u00fcber den Zweck der Anlage wissen.\u201c<\/p>\n<p>Die Anlage hat aber nur kurz wieder das Licht erblickt. \u201eWir haben das Bauwerk dokumentiert und einige Gegenst\u00e4nde gesichert. Au\u00dferdem hat das st\u00e4dtische Grundst\u00fccks- und Vermessungsamt die Anlage genau vermessen, so dass zuk\u00fcnftige Generationen genau wissen, was unter die Erde liegt\u201c, erkl\u00e4rt Dr. Verse. Denn nach wenigen Tagen Arbeit wurden die Erdmassen wieder in die Grube eingef\u00fcllt.<\/p>\n","protected":false},"excerpt":{"rendered":"<div class=\"tmnf_excerpt\"><p>Historische Ausgrabungen haben nicht immer mit der weitentfernten Geschichte zu tun. Das zeigt die neueste Entdeckung im Stadtgebiet Fuldas. Eine beckenartige Konstruktion im alten st\u00e4dtischen Friedhof stellt das Team um Stadt- und Kreisarch\u00e4ologen Dr. Frank Verse vor ein R\u00e4tsel. Vier mal f\u00fcnf Meter ist die Anlage gro\u00df, die entlang der Mauer des alten st\u00e4dtischen Friedhofes &hellip;<\/p>\n<\/div>","protected":false},"author":1,"featured_media":138138,"comment_status":"closed","ping_status":"closed","sticky":false,"template":"","format":"standard","meta":{"footnotes":""},"categories":[1],"tags":[],"class_list":["post-138137","post","type-post","status-publish","format-standard","has-post-thumbnail","hentry","category-startseite"],"_links":{"self":[{"href":"https:\/\/www.fuldaernachrichten.de\/index.php?rest_route=\/wp\/v2\/posts\/138137","targetHints":{"allow":["GET"]}}],"collection":[{"href":"https:\/\/www.fuldaernachrichten.de\/index.php?rest_route=\/wp\/v2\/posts"}],"about":[{"href":"https:\/\/www.fuldaernachrichten.de\/index.php?rest_route=\/wp\/v2\/types\/post"}],"author":[{"embeddable":true,"href":"https:\/\/www.fuldaernachrichten.de\/index.php?rest_route=\/wp\/v2\/users\/1"}],"replies":[{"embeddable":true,"href":"https:\/\/www.fuldaernachrichten.de\/index.php?rest_route=%2Fwp%2Fv2%2Fcomments&post=138137"}],"version-history":[{"count":1,"href":"https:\/\/www.fuldaernachrichten.de\/index.php?rest_route=\/wp\/v2\/posts\/138137\/revisions"}],"predecessor-version":[{"id":138141,"href":"https:\/\/www.fuldaernachrichten.de\/index.php?rest_route=\/wp\/v2\/posts\/138137\/revisions\/138141"}],"wp:featuredmedia":[{"embeddable":true,"href":"https:\/\/www.fuldaernachrichten.de\/index.php?rest_route=\/wp\/v2\/media\/138138"}],"wp:attachment":[{"href":"https:\/\/www.fuldaernachrichten.de\/index.php?rest_route=%2Fwp%2Fv2%2Fmedia&parent=138137"}],"wp:term":[{"taxonomy":"category","embeddable":true,"href":"https:\/\/www.fuldaernachrichten.de\/index.php?rest_route=%2Fwp%2Fv2%2Fcategories&post=138137"},{"taxonomy":"post_tag","embeddable":true,"href":"https:\/\/www.fuldaernachrichten.de\/index.php?rest_route=%2Fwp%2Fv2%2Ftags&post=138137"}],"curies":[{"name":"wp","href":"https:\/\/api.w.org\/{rel}","templated":true}]}}