{"id":138133,"date":"2015-05-04T19:35:21","date_gmt":"2015-05-04T17:35:21","guid":{"rendered":"http:\/\/www.fuldaer-nachrichten.de\/?p=138133"},"modified":"2015-05-04T19:35:21","modified_gmt":"2015-05-04T17:35:21","slug":"internationaler-museumstag-am-17-mai-2015","status":"publish","type":"post","link":"https:\/\/www.fuldaernachrichten.de\/?p=138133","title":{"rendered":"Internationaler Museumstag am 17. Mai 2015"},"content":{"rendered":"<p>Das Motto des diesj\u00e4hrigen Internationalen Museumstages r\u00fcckt die Rolle der Museen in der Gesellschaft und damit ihren Anteil an der Mitgestaltung der Zukunft in den Fokus. Denn Museen sind nicht nur auf die Vergangenheit gerichtet, sondern sind auch Orte der Zukunft!\u00c2\u00a0 Viele Ausstellungen verkn\u00fcpfen schon die historische R\u00fcckschau mit gesellschaftlichen Themen der Gegenwart und stellen gleichfalls Fragen an die Zukunft.<\/p>\n<p>Stadtentwicklung, Leben im l\u00e4ndlichen Raum, technischer Fortschritt, Klimawandel, Wandel des Arbeitslebens, Migration, aber auch aktuelle k\u00fcnstlerische Ausdrucksformen und der Einsatz von Social Media stehen immer h\u00e4ufiger auf dem Programm der Museen. Sie f\u00fchren damit die Besucher an aktuelle Themen und Fragestellungen heran, sensibilisieren sie f\u00fcr Probleme, Widerspr\u00fcche sowie Konflikte und regen zum Nachdenken an.<\/p>\n<p>Als Orte der Vermittlung und Begegnung sind Museen auch Orte des Austausches und der Auseinandersetzung. Mit der Schaffung von barrierefreien Zug\u00e4ngen sollten sie auch Partizipation f\u00fcr Alle bieten.<\/p>\n<p>Am Internationalen Museumstag am 17. Mai 2015 von 10 bis 17 Uhr werden bei freiem Eintritt im Vonderau Museum folgende Veranstaltungen angeboten:<\/p>\n<p>10.00 Uhr \u2013 Startschuss\u00c2\u00a0 f\u00fcr die EntdeckerTour: \u201eVon der Steinzeit bis zum FuldaMobil\u201c &#8211; Rallye durch die kulturgeschichtliche Ausstellung f\u00fcr die ganze Familie<br \/>\n10.30 Uhr -\u00c2\u00a0 \u201eWer hat den Mars rot angemalt?\u201c \u2013 Astrom\u00e4rchen f\u00fcr Kinder (ab 4 Jahren)<br \/>\n13.00 Uhr \u2013 \u201e Wie entsteht eine PlanetariumsShow?\u201c \u2013 Ein Blick hinter die Kulissen im Planetarium<br \/>\n14.00 Uhr \u2013 \u201eMUSEUM.GESELLSCHAFT.ZUKUNFT\u201c \u2013 Museumsp\u00e4dagogische \u00dcberlegungen mit einer F\u00fchrung zum diesj\u00e4hrigen Motto<br \/>\n14.00 Uhr &#8211; \u201eDie Sterne heute Abend\u201c \u2013 Blick in die virtuelle Sterne-Kuppel des Planetariums<br \/>\n14.30 Uhr \u2013 \u201eMuseumsk\u00e4fer Bruno Brummsels Abenteuer\u201c \u2013 Erz\u00e4hlrundgang f\u00fcr Kinder (von 5 bis 7 Jahren)<br \/>\n15.00 Uhr \u2013 \u201e Wie entsteht eine PlanetariumsShow?\u201c \u2013 Ein Blick hinter die Kulissen im Planetarium<br \/>\n15.00 Uhr \u2013 \u201eMade in FD\u201c \u2013 Kuratoren-F\u00fchrung durch die Sonderausstellung \u201eSpitzentechnologieaus der Fuldaer Fayence-Manufaktur (1741 \u2013 1759)\u201c<br \/>\n15.30 Uhr \u2013 \u201eMuseumsk\u00e4fer Bruno Brummsels Abenteuer\u201c \u2013 Erz\u00e4hlrundgang f\u00fcr Kinder (von 5 bis 7 Jahren)<br \/>\n16.00 Uhr &#8211; \u201eDie Sterne heute Abend\u201c -\u00c2\u00a0 Blick in die virtuelle Sterne-Kuppel des Planetariums<\/p>\n<p>www.museum-fulda.de<\/p>\n","protected":false},"excerpt":{"rendered":"<div class=\"tmnf_excerpt\"><p>Das Motto des diesj\u00e4hrigen Internationalen Museumstages r\u00fcckt die Rolle der Museen in der Gesellschaft und damit ihren Anteil an der Mitgestaltung der Zukunft in den Fokus. Denn Museen sind nicht nur auf die Vergangenheit gerichtet, sondern sind auch Orte der Zukunft!\u00c2\u00a0 Viele Ausstellungen verkn\u00fcpfen schon die historische R\u00fcckschau mit gesellschaftlichen Themen der Gegenwart und stellen &hellip;<\/p>\n<\/div>","protected":false},"author":1,"featured_media":0,"comment_status":"closed","ping_status":"closed","sticky":false,"template":"","format":"standard","meta":{"footnotes":""},"categories":[1,44],"tags":[],"class_list":["post-138133","post","type-post","status-publish","format-standard","hentry","category-startseite","category-kultur"],"_links":{"self":[{"href":"https:\/\/www.fuldaernachrichten.de\/index.php?rest_route=\/wp\/v2\/posts\/138133","targetHints":{"allow":["GET"]}}],"collection":[{"href":"https:\/\/www.fuldaernachrichten.de\/index.php?rest_route=\/wp\/v2\/posts"}],"about":[{"href":"https:\/\/www.fuldaernachrichten.de\/index.php?rest_route=\/wp\/v2\/types\/post"}],"author":[{"embeddable":true,"href":"https:\/\/www.fuldaernachrichten.de\/index.php?rest_route=\/wp\/v2\/users\/1"}],"replies":[{"embeddable":true,"href":"https:\/\/www.fuldaernachrichten.de\/index.php?rest_route=%2Fwp%2Fv2%2Fcomments&post=138133"}],"version-history":[{"count":1,"href":"https:\/\/www.fuldaernachrichten.de\/index.php?rest_route=\/wp\/v2\/posts\/138133\/revisions"}],"predecessor-version":[{"id":138134,"href":"https:\/\/www.fuldaernachrichten.de\/index.php?rest_route=\/wp\/v2\/posts\/138133\/revisions\/138134"}],"wp:attachment":[{"href":"https:\/\/www.fuldaernachrichten.de\/index.php?rest_route=%2Fwp%2Fv2%2Fmedia&parent=138133"}],"wp:term":[{"taxonomy":"category","embeddable":true,"href":"https:\/\/www.fuldaernachrichten.de\/index.php?rest_route=%2Fwp%2Fv2%2Fcategories&post=138133"},{"taxonomy":"post_tag","embeddable":true,"href":"https:\/\/www.fuldaernachrichten.de\/index.php?rest_route=%2Fwp%2Fv2%2Ftags&post=138133"}],"curies":[{"name":"wp","href":"https:\/\/api.w.org\/{rel}","templated":true}]}}