{"id":138125,"date":"2015-05-04T19:35:03","date_gmt":"2015-05-04T17:35:03","guid":{"rendered":"http:\/\/www.fuldaer-nachrichten.de\/?p=138125"},"modified":"2015-05-04T19:35:03","modified_gmt":"2015-05-04T17:35:03","slug":"kjg-fulda-bildet-37-angehende-gruppenleiter-aus","status":"publish","type":"post","link":"https:\/\/www.fuldaernachrichten.de\/?p=138125","title":{"rendered":"KjG Fulda bildet 37 angehende Gruppenleiter aus"},"content":{"rendered":"<p><a href=\"http:\/\/www.fuldaer-nachrichten.de\/wp-content\/uploads\/2015\/05\/IMG_1835.jpg\"><img fetchpriority=\"high\" decoding=\"async\" class=\"alignleft size-medium wp-image-138131\" src=\"http:\/\/www.fuldaer-nachrichten.de\/wp-content\/uploads\/2015\/05\/IMG_1835-265x199.jpg\" alt=\"IMG_1835\" width=\"265\" height=\"199\" srcset=\"https:\/\/www.fuldaernachrichten.de\/wp-content\/uploads\/2015\/05\/IMG_1835-265x199.jpg 265w, https:\/\/www.fuldaernachrichten.de\/wp-content\/uploads\/2015\/05\/IMG_1835-600x450.jpg 600w, https:\/\/www.fuldaernachrichten.de\/wp-content\/uploads\/2015\/05\/IMG_1835.jpg 900w\" sizes=\"(max-width: 265px) 100vw, 265px\" \/><\/a>Das Interesse junger Erwachsener an ehrenamtlicher Arbeit in Vereinen und Verb\u00e4nden scheint weiterhin gro\u00df zu sein. Zu dieser Erkenntnis konnte man in den vergangenen Tagen bei einem Gruppenleitergrundkurs der Katholischen jungen Gemeinde (KjG) in Hilders kommen.<\/p>\n<p>Dort lie\u00dfen sich 37 angehende Gruppenleiter im Alter von 15 bis 20 Jahren insgesamt sechs Tage lang ausbilden, um zuk\u00fcnftig Verantwortung bei Ferienfreizeiten oder in Gruppenstunden \u00fcbernehmen zu k\u00f6nnen. Neben p\u00e4dagogischen und rechtlichen Grundlagen galt es auch praktische Erfahrungen im Anleiten von Gruppen zu sammeln. Au\u00dferdem standen religionsp\u00e4dagogische Elemente und Spiele auf dem Programm. Am Ende erwarben alle Teilnehmerinnen und Teilnehmer die Berechtigung zum Erwerb der Jugendleiterkarte (JuLeiCa).<\/p>\n<p>Die n\u00e4chste Gelegenheit f\u00fcr einen Gruppenleitergrundkurs bei der KjG Fulda gibt es vom 26. \u2013 31.10.2015 in Kleinsassen. Anmeldung und weitere Informationen unter kjg@bistum-fulda.de oder telefonisch bei der KjG Di\u00f6zesanstelle Fulda, Tel. 0661-87462.<\/p>\n","protected":false},"excerpt":{"rendered":"<div class=\"tmnf_excerpt\"><p>Das Interesse junger Erwachsener an ehrenamtlicher Arbeit in Vereinen und Verb\u00e4nden scheint weiterhin gro\u00df zu sein. Zu dieser Erkenntnis konnte man in den vergangenen Tagen bei einem Gruppenleitergrundkurs der Katholischen jungen Gemeinde (KjG) in Hilders kommen. Dort lie\u00dfen sich 37 angehende Gruppenleiter im Alter von 15 bis 20 Jahren insgesamt sechs Tage lang ausbilden, um &hellip;<\/p>\n<\/div>","protected":false},"author":1,"featured_media":138129,"comment_status":"closed","ping_status":"closed","sticky":false,"template":"","format":"standard","meta":{"footnotes":""},"categories":[1,72,50],"tags":[],"class_list":["post-138125","post","type-post","status-publish","format-standard","has-post-thumbnail","hentry","category-startseite","category-jugend","category-kirche"],"_links":{"self":[{"href":"https:\/\/www.fuldaernachrichten.de\/index.php?rest_route=\/wp\/v2\/posts\/138125","targetHints":{"allow":["GET"]}}],"collection":[{"href":"https:\/\/www.fuldaernachrichten.de\/index.php?rest_route=\/wp\/v2\/posts"}],"about":[{"href":"https:\/\/www.fuldaernachrichten.de\/index.php?rest_route=\/wp\/v2\/types\/post"}],"author":[{"embeddable":true,"href":"https:\/\/www.fuldaernachrichten.de\/index.php?rest_route=\/wp\/v2\/users\/1"}],"replies":[{"embeddable":true,"href":"https:\/\/www.fuldaernachrichten.de\/index.php?rest_route=%2Fwp%2Fv2%2Fcomments&post=138125"}],"version-history":[{"count":1,"href":"https:\/\/www.fuldaernachrichten.de\/index.php?rest_route=\/wp\/v2\/posts\/138125\/revisions"}],"predecessor-version":[{"id":138132,"href":"https:\/\/www.fuldaernachrichten.de\/index.php?rest_route=\/wp\/v2\/posts\/138125\/revisions\/138132"}],"wp:featuredmedia":[{"embeddable":true,"href":"https:\/\/www.fuldaernachrichten.de\/index.php?rest_route=\/wp\/v2\/media\/138129"}],"wp:attachment":[{"href":"https:\/\/www.fuldaernachrichten.de\/index.php?rest_route=%2Fwp%2Fv2%2Fmedia&parent=138125"}],"wp:term":[{"taxonomy":"category","embeddable":true,"href":"https:\/\/www.fuldaernachrichten.de\/index.php?rest_route=%2Fwp%2Fv2%2Fcategories&post=138125"},{"taxonomy":"post_tag","embeddable":true,"href":"https:\/\/www.fuldaernachrichten.de\/index.php?rest_route=%2Fwp%2Fv2%2Ftags&post=138125"}],"curies":[{"name":"wp","href":"https:\/\/api.w.org\/{rel}","templated":true}]}}