{"id":138123,"date":"2015-05-04T19:33:32","date_gmt":"2015-05-04T17:33:32","guid":{"rendered":"http:\/\/www.fuldaer-nachrichten.de\/?p=138123"},"modified":"2015-05-04T19:33:32","modified_gmt":"2015-05-04T17:33:32","slug":"kreismitarbeiter-umweltfreundlich-mit-dem-e-bike-unterwegs","status":"publish","type":"post","link":"https:\/\/www.fuldaernachrichten.de\/?p=138123","title":{"rendered":"Kreismitarbeiter umweltfreundlich mit dem E-Bike unterwegs"},"content":{"rendered":"<p>Der Landkreis Fulda hat seinen Fuhrpark um ein umweltfreundliches Verkehrsmittel erweitert. Seit zwei Wochen steht den Mitarbeiterinnen und Mitarbeitern der Kreisverwaltung ein E-Bike zur Verf\u00fcgung, das auf Vorschlag der Kommission \u201eMeine Idee\u201c angeschafft wurde. Landrat Bernd Woide und Erster Kreisbeigeordneter Dr. Heiko Wingenfeld hoffen, dass von dem neuem Gef\u00e4hrt regen Gebrauch gemacht wird.<\/p>\n<p>Wie Martin Storch vom Fachdienst Geb\u00e4udemanagement des Landkreises mitteilte, handelt es sich bei dem Elektro-Fahrrad um ein silberfarbenes KTM \u201eSevero\u201c mit 28-Zoll-R\u00e4dern und einer 8-Gang-Nabenschaltung im Wert von 1.500 Euro, das \u00fcber eine normale Steckdose aufgeladen werden kann. Auch wurde ein schwarzes Damen-Trekking-Bike ohne Elektroantrieb der Marke Pegasus mit einer 27-Gang-Schaltung im Wert von 500 Euro gekauft, das mit einem Gep\u00e4cktr\u00e4ger auch f\u00fcr den eventuellen Aktentransport ausgestattet ist. Hierzu gibt es zwei neue Fahrradhelme in schwarz und wei\u00df.<\/p>\n<p>Inzwischen verf\u00fcgt die Kreisverwaltung \u00fcber vier Dienstfahrr\u00e4der. Das \u00e4lteste wurde vom damaligen Ersten Kreisbeigeordneten und heutigen Oberb\u00fcrgermeister Gerhard M\u00f6ller vor fast genau zehn Jahren in Betrieb genommen. Werkstattleiter Andreas Larbig berichtet von einer starken Nachfrage nach dem neuen E-Bike, die nat\u00fcrlich auch etwas mit der beginnenden w\u00e4rmeren Jahreszeit zu tun habe. Es sei t\u00e4glich mehrere Male in Gebrauch und werde vor allem f\u00fcr Fahrten zu den Au\u00dfenstellen Volkshochschule, Gesundheitsamt und Kreisjobcenter, zur Stadtverwaltung oder zu Gerichtsterminen genutzt.<\/p>\n<p>Auch bei einem anderen Fahrzeug beweist der Landkreis Fulda gemeinsam mit der Rh\u00f6nEnergie umweltpolitisches Engagement. Seit Februar 2011 ist ein Elektroauto der Herstellermarke Mitsubishi im Einsatz, das noch von der \u00dcWAG im Rahmen eines Feldversuchs gesponsort wurde. Der PKW f\u00e4hrt bis zu 130 Stundenkilometer schnell und eignet sich f\u00fcr Stadt- und \u00dcberlandfahrten. Die Reichweite liegt bei zirka 120 Kilometern. Pro 100 Kilometer ben\u00f6tigt der Viersitzer elf Kilowattstunden Strom, den die Rh\u00f6nEnergie gleich mitliefert. Denn beim Kreishaus befindet sich auch eine Stromtankstelle.<\/p>\n<p>Insgesamt umfasst der Fuhrpark des Landkreises 63 Fahrzeuge, die durchschnittlich 20.000 Kilometer im Jahr zur\u00fccklegen. Mit dem Zuwachs an Aufgaben und Mitarbeitern ist auch der Fahrzeugbestand immer gr\u00f6\u00dfer geworden. Als Andreas Larbig 1982 bei der Kreisverwaltung anfing, waren es erst zehn Fahrzeuge. Sein 25-j\u00e4hriges \u201eDienstjubil\u00e4um\u201c kann im kommenden Jahr ein VW-Transporter feiern, der trotz 250.000 Kilometer noch gut im Schuss ist und f\u00fcr Transportfahrten wie beispielsweise der Beschallungsanlage zu den Kreistagssitzungen oder der Helfer zum Bewegungscheck Verwendung findet.<\/p>\n<p>Von den Fahrzeugen, darunter neun Transporter, sind vier gel\u00e4ndeg\u00e4ngig. Diese werden vor\u00c2\u00a0 allem von den Mitarbeitern im Naturschutz und im Veterin\u00e4rwesen genutzt. Aus Kostengr\u00fcnden wurden 15 Fahrzeuge geleast, wobei Kauf oder Leasing ausschlie\u00dflich \u00fcber H\u00e4ndler im Landkreis erfolgt. F\u00fcr die Dienstfahrzeuge gibt es am Seiteneingang zum Kreishaus ein Parkdeck sowie eine Tiefgarage mit 18 Stellpl\u00e4tzen. Einige Fahrzeuge stehen auch in den Au\u00dfenstellen. Eine eigene Tanks\u00e4ule hat die Kreisverwaltung nicht, daf\u00fcr eine Waschhalle. Kleine Reparatur- und Wartungsarbeiten werden selbst vorgenommen.<\/p>\n<p>Au\u00dferhalb des Landkreises sind Dienstfahrzeuge fast t\u00e4glich nach Kassel und im Schnitt drei Mal w\u00f6chentlich nach Wiesbaden unterwegs. Ins \u00fcbrige Bundesgebiet finden beispielsweise Fahrten der Jugendhilfe statt. Im europ\u00e4ischen Ausland werden Ferienfreizeiten besucht oder auch schon mal Birkh\u00fchner aus Schweden abgeholt. Insgesamt beurteilt der Werkstattleiter den Fuhrpark \u201eals gut aufgestellt\u201c. Fahrzeugdiebst\u00e4hle hat es bislang nicht gegeben. Nur an einen Unfall mit Totalschaden kann sich Andreas Larbig erinnern. Meist blieb es bei Blechsch\u00e4den, ohne dass Personen zu Schaden kamen.<\/p>\n","protected":false},"excerpt":{"rendered":"<div class=\"tmnf_excerpt\"><p>Der Landkreis Fulda hat seinen Fuhrpark um ein umweltfreundliches Verkehrsmittel erweitert. Seit zwei Wochen steht den Mitarbeiterinnen und Mitarbeitern der Kreisverwaltung ein E-Bike zur Verf\u00fcgung, das auf Vorschlag der Kommission \u201eMeine Idee\u201c angeschafft wurde. Landrat Bernd Woide und Erster Kreisbeigeordneter Dr. Heiko Wingenfeld hoffen, dass von dem neuem Gef\u00e4hrt regen Gebrauch gemacht wird. Wie Martin &hellip;<\/p>\n<\/div>","protected":false},"author":1,"featured_media":138126,"comment_status":"closed","ping_status":"closed","sticky":false,"template":"","format":"standard","meta":{"footnotes":""},"categories":[1,29],"tags":[],"class_list":["post-138123","post","type-post","status-publish","format-standard","has-post-thumbnail","hentry","category-startseite","category-politik"],"_links":{"self":[{"href":"https:\/\/www.fuldaernachrichten.de\/index.php?rest_route=\/wp\/v2\/posts\/138123","targetHints":{"allow":["GET"]}}],"collection":[{"href":"https:\/\/www.fuldaernachrichten.de\/index.php?rest_route=\/wp\/v2\/posts"}],"about":[{"href":"https:\/\/www.fuldaernachrichten.de\/index.php?rest_route=\/wp\/v2\/types\/post"}],"author":[{"embeddable":true,"href":"https:\/\/www.fuldaernachrichten.de\/index.php?rest_route=\/wp\/v2\/users\/1"}],"replies":[{"embeddable":true,"href":"https:\/\/www.fuldaernachrichten.de\/index.php?rest_route=%2Fwp%2Fv2%2Fcomments&post=138123"}],"version-history":[{"count":1,"href":"https:\/\/www.fuldaernachrichten.de\/index.php?rest_route=\/wp\/v2\/posts\/138123\/revisions"}],"predecessor-version":[{"id":138127,"href":"https:\/\/www.fuldaernachrichten.de\/index.php?rest_route=\/wp\/v2\/posts\/138123\/revisions\/138127"}],"wp:featuredmedia":[{"embeddable":true,"href":"https:\/\/www.fuldaernachrichten.de\/index.php?rest_route=\/wp\/v2\/media\/138126"}],"wp:attachment":[{"href":"https:\/\/www.fuldaernachrichten.de\/index.php?rest_route=%2Fwp%2Fv2%2Fmedia&parent=138123"}],"wp:term":[{"taxonomy":"category","embeddable":true,"href":"https:\/\/www.fuldaernachrichten.de\/index.php?rest_route=%2Fwp%2Fv2%2Fcategories&post=138123"},{"taxonomy":"post_tag","embeddable":true,"href":"https:\/\/www.fuldaernachrichten.de\/index.php?rest_route=%2Fwp%2Fv2%2Ftags&post=138123"}],"curies":[{"name":"wp","href":"https:\/\/api.w.org\/{rel}","templated":true}]}}