{"id":138122,"date":"2015-05-04T19:32:59","date_gmt":"2015-05-04T17:32:59","guid":{"rendered":"http:\/\/www.fuldaer-nachrichten.de\/?p=138122"},"modified":"2015-05-04T19:32:59","modified_gmt":"2015-05-04T17:32:59","slug":"hessische-welterbestaetten-interessieren-unesco-botschafter","status":"publish","type":"post","link":"https:\/\/www.fuldaernachrichten.de\/?p=138122","title":{"rendered":"Hessische Welterbest\u00e4tten interessieren UNESCO-Botschafter"},"content":{"rendered":"<p>Kunst- und Kulturminister Boris Rhein hat sich am Sonntagabend auf Einladung der Staatsministerin im Ausw\u00e4rtigen Amt, Maria B\u00f6hmer, mit den UNESCO-Botschaftern aus Japan, Kasachstan, Katar, Korea, Libanon, Malaysia, Philippinen, Portugal, Serbien, Singapur, Tansania, T\u00fcrkei und Deutschland im Kloster Eberbach getroffen. Thema der Gespr\u00e4che waren die hessischen Ma\u00dfnahmen zum Schutz und Erhalt der Welterbest\u00e4tten.<\/p>\n<p>&#8220;Zahl, auf die wir stolz sein k\u00f6nnen&#8221;<\/p>\n<p>\u201eSechs der derzeit 39 deutschen UNESCO-Welterbest\u00e4tten liegen in Hessen. Das ist eine Zahl, auf die wir stolz sein k\u00f6nnen, denn sie steht f\u00fcr das au\u00dfergew\u00f6hnliche Engagement der Menschen in Hessen und f\u00fcr den Erhalt unseres kulturellen Erbes. Deshalb waren die Botschafter sehr daran interessiert zu erfahren, dass die Landesregierung beispielsweise im Jahr 2014 insgesamt 1,21 Millionen Euro f\u00fcr den Erhalt der hessischen Welterbest\u00e4tten zur Verf\u00fcgung gestellt hat. Der Erhalt von Kultur- und Naturerbe stiftet kulturelle Identit\u00e4t im regionalen, nationalen und internationalen Kontext\u201c, so Kunst- und Kulturminister Boris Rhein.<\/p>\n<p>UNESCO-Welterbekomitee im Juni<\/p>\n<p>Anlass f\u00fcr den Besuch der Botschafter ist die bevorstehende Sitzung des UNESCO-Welterbekomitees im Juni in Bonn, bei der Deutschland den Vorsitz hat.<br \/>\nHeute besuchen die Botschafter Darmstadt, um sich \u00fcber die Kandidatur der \u201eK\u00fcnstlerkolonie Mathildenh\u00f6he\u201c zu informieren. Die K\u00fcnstlerkolonie war eines der europ\u00e4ischen Zentren des Jugendstils in Europa und ein Wegbereiter der Moderne. K\u00fcnstler aus Wien, M\u00fcnchen und Paris arbeiteten an neuen Modellen von Gesamtkunstwerken mit experimenteller Architektur, neuer Raumkunst und zukunftsweisendem Design.<\/p>\n","protected":false},"excerpt":{"rendered":"<div class=\"tmnf_excerpt\"><p>Kunst- und Kulturminister Boris Rhein hat sich am Sonntagabend auf Einladung der Staatsministerin im Ausw\u00e4rtigen Amt, Maria B\u00f6hmer, mit den UNESCO-Botschaftern aus Japan, Kasachstan, Katar, Korea, Libanon, Malaysia, Philippinen, Portugal, Serbien, Singapur, Tansania, T\u00fcrkei und Deutschland im Kloster Eberbach getroffen. Thema der Gespr\u00e4che waren die hessischen Ma\u00dfnahmen zum Schutz und Erhalt der Welterbest\u00e4tten. &#8220;Zahl, auf &hellip;<\/p>\n<\/div>","protected":false},"author":1,"featured_media":0,"comment_status":"closed","ping_status":"closed","sticky":false,"template":"","format":"standard","meta":{"footnotes":""},"categories":[1,44,52],"tags":[],"class_list":["post-138122","post","type-post","status-publish","format-standard","hentry","category-startseite","category-kultur","category-umwelt"],"_links":{"self":[{"href":"https:\/\/www.fuldaernachrichten.de\/index.php?rest_route=\/wp\/v2\/posts\/138122","targetHints":{"allow":["GET"]}}],"collection":[{"href":"https:\/\/www.fuldaernachrichten.de\/index.php?rest_route=\/wp\/v2\/posts"}],"about":[{"href":"https:\/\/www.fuldaernachrichten.de\/index.php?rest_route=\/wp\/v2\/types\/post"}],"author":[{"embeddable":true,"href":"https:\/\/www.fuldaernachrichten.de\/index.php?rest_route=\/wp\/v2\/users\/1"}],"replies":[{"embeddable":true,"href":"https:\/\/www.fuldaernachrichten.de\/index.php?rest_route=%2Fwp%2Fv2%2Fcomments&post=138122"}],"version-history":[{"count":1,"href":"https:\/\/www.fuldaernachrichten.de\/index.php?rest_route=\/wp\/v2\/posts\/138122\/revisions"}],"predecessor-version":[{"id":138124,"href":"https:\/\/www.fuldaernachrichten.de\/index.php?rest_route=\/wp\/v2\/posts\/138122\/revisions\/138124"}],"wp:attachment":[{"href":"https:\/\/www.fuldaernachrichten.de\/index.php?rest_route=%2Fwp%2Fv2%2Fmedia&parent=138122"}],"wp:term":[{"taxonomy":"category","embeddable":true,"href":"https:\/\/www.fuldaernachrichten.de\/index.php?rest_route=%2Fwp%2Fv2%2Fcategories&post=138122"},{"taxonomy":"post_tag","embeddable":true,"href":"https:\/\/www.fuldaernachrichten.de\/index.php?rest_route=%2Fwp%2Fv2%2Ftags&post=138122"}],"curies":[{"name":"wp","href":"https:\/\/api.w.org\/{rel}","templated":true}]}}