{"id":138119,"date":"2015-05-04T19:32:31","date_gmt":"2015-05-04T17:32:31","guid":{"rendered":"http:\/\/www.fuldaer-nachrichten.de\/?p=138119"},"modified":"2015-05-04T19:32:31","modified_gmt":"2015-05-04T17:32:31","slug":"3-fuldaer-genussfestival-bankett-sinnreich-und-zuspann-a-la-carte-laden-2016-wieder-auf-die-pauluspromenade-ein","status":"publish","type":"post","link":"https:\/\/www.fuldaernachrichten.de\/?p=138119","title":{"rendered":"3. Fuldaer Genussfestival &#8211; bankett sinnreich und Zuspann \u00c3\u00a0 la carte laden 2016 wieder auf die Pauluspromenade ein"},"content":{"rendered":"<p>Das Fuldaer Genussfestival hat die Pauluspromenade in den letzten zwei Jahren zur Genussmeile verwandelt. Die Veranstalter und Organisatoren des Festivals, bankett sinnreich und Zuspann \u00c3\u00a0 la carte, laden 2016 wieder zum Flanieren, Genie\u00dfen und Entschleunigen vor barocker Kulisse ein. Als Termin wurde gemeinsam mit der Stadt Fulda der 4. bis 7. August 2016 festgelegt.<\/p>\n<p>Vorbereitungen f\u00fcr 2016 bereits angelaufen<br \/>\nbankett sinnreich und Zuspann \u00c3\u00a0 la carte haben sich zusammen mit der Stadt Fulda f\u00fcr einen zweij\u00e4hrigen Rhythmus des Genussfestivals ausgesprochen. Den Organisatoren bleibt damit mehr Zeit f\u00fcr die Ideenfindung und Vorbereitung, um die Besucher mit immer neuen Attraktionen und Highlights zu begeistern. Die Planung f\u00fcr 2016 ist schon in vollem Gange. Fest steht bereits, dass das Regenbogenhaus des Sonnenstrahl e. V. auch 2016 durch die Schirmherrschaft des Round Table Fulda unterst\u00fctzt wird. Freuen k\u00f6nnen sich die Besucher auf die beliebten Pagoden-Meilen auf der Seite des Doms und des Stadtparks, in denen die beiden Caterer ihr K\u00f6nnen erneut unter Beweis stellen werden. \u00dcberraschend neu und abwechslungsreich wird das Abendprogramm werden. Nur so viel sei verraten: Spannende und genussreiche Momente wird ein kulinarischer Wettstreit mit prominenter Beteiligung zaubern. Bew\u00e4hrte und beliebte Aktionen wie das Kinderkochen und der Sonnenbrunch zum gem\u00fctlichen Ausklang\u00c2\u00a0 sowie musikalische Umrahmung werden das Programm abrunden.<\/p>\n<p>bankett sinnreich und Zuspann \u00c3\u00a0 la carte freuen sich mit der Stadt Fulda darauf, im August 2016 die Pauluspromenade wieder in eine Genussmeile zu verwandeln.<\/p>\n<p>Impressionen der letzten beiden Jahre gibt es online unter www.fuldaer-genuss-festival.de.<\/p>\n","protected":false},"excerpt":{"rendered":"<div class=\"tmnf_excerpt\"><p>Das Fuldaer Genussfestival hat die Pauluspromenade in den letzten zwei Jahren zur Genussmeile verwandelt. Die Veranstalter und Organisatoren des Festivals, bankett sinnreich und Zuspann \u00c3\u00a0 la carte, laden 2016 wieder zum Flanieren, Genie\u00dfen und Entschleunigen vor barocker Kulisse ein. Als Termin wurde gemeinsam mit der Stadt Fulda der 4. bis 7. August 2016 festgelegt. Vorbereitungen &hellip;<\/p>\n<\/div>","protected":false},"author":1,"featured_media":138120,"comment_status":"closed","ping_status":"closed","sticky":false,"template":"","format":"standard","meta":{"footnotes":""},"categories":[1,37,44],"tags":[],"class_list":["post-138119","post","type-post","status-publish","format-standard","has-post-thumbnail","hentry","category-startseite","category-essen-und-trinken","category-kultur"],"_links":{"self":[{"href":"https:\/\/www.fuldaernachrichten.de\/index.php?rest_route=\/wp\/v2\/posts\/138119","targetHints":{"allow":["GET"]}}],"collection":[{"href":"https:\/\/www.fuldaernachrichten.de\/index.php?rest_route=\/wp\/v2\/posts"}],"about":[{"href":"https:\/\/www.fuldaernachrichten.de\/index.php?rest_route=\/wp\/v2\/types\/post"}],"author":[{"embeddable":true,"href":"https:\/\/www.fuldaernachrichten.de\/index.php?rest_route=\/wp\/v2\/users\/1"}],"replies":[{"embeddable":true,"href":"https:\/\/www.fuldaernachrichten.de\/index.php?rest_route=%2Fwp%2Fv2%2Fcomments&post=138119"}],"version-history":[{"count":1,"href":"https:\/\/www.fuldaernachrichten.de\/index.php?rest_route=\/wp\/v2\/posts\/138119\/revisions"}],"predecessor-version":[{"id":138121,"href":"https:\/\/www.fuldaernachrichten.de\/index.php?rest_route=\/wp\/v2\/posts\/138119\/revisions\/138121"}],"wp:featuredmedia":[{"embeddable":true,"href":"https:\/\/www.fuldaernachrichten.de\/index.php?rest_route=\/wp\/v2\/media\/138120"}],"wp:attachment":[{"href":"https:\/\/www.fuldaernachrichten.de\/index.php?rest_route=%2Fwp%2Fv2%2Fmedia&parent=138119"}],"wp:term":[{"taxonomy":"category","embeddable":true,"href":"https:\/\/www.fuldaernachrichten.de\/index.php?rest_route=%2Fwp%2Fv2%2Fcategories&post=138119"},{"taxonomy":"post_tag","embeddable":true,"href":"https:\/\/www.fuldaernachrichten.de\/index.php?rest_route=%2Fwp%2Fv2%2Ftags&post=138119"}],"curies":[{"name":"wp","href":"https:\/\/api.w.org\/{rel}","templated":true}]}}