{"id":138112,"date":"2015-05-04T13:33:08","date_gmt":"2015-05-04T11:33:08","guid":{"rendered":"http:\/\/www.fuldaer-nachrichten.de\/?p=138112"},"modified":"2015-05-04T13:33:08","modified_gmt":"2015-05-04T11:33:08","slug":"brand-bund-foerdert-staedtebau-in-fulda-und-vogelsberg-mit-ueber-25-millionen-euro-fulda-huenfeld-eichenzell-lauterbach-schlitz-und-alsfeld-profitieren","status":"publish","type":"post","link":"https:\/\/www.fuldaernachrichten.de\/?p=138112","title":{"rendered":"Brand: Bund f\u00f6rdert St\u00e4dtebau in Fulda und Vogelsberg mit \u00fcber 25 Millionen Euro \u2013 \u201eFulda, H\u00fcnfeld, Eichenzell, Lauterbach, Schlitz und Alsfeld profitieren!\u201c"},"content":{"rendered":"<p>Als \u201estarkes Signal daf\u00fcr, dass der Bund auch den kommunalen St\u00e4dtebau im l\u00e4ndlichen Raum sehr ernst nimmt\u201c, bewertet der heimische Bundestagsabgeordnete Michael Brand die Bilanz der St\u00e4dtebauf\u00f6rderungsma\u00dfnahmen des Bundes der letzten Jahre.<\/p>\n<p>Wie Brand berichtet, hat ihm aktuell das Bundesministerium f\u00fcr Umwelt, Naturschutz, Bau und Reaktorsicherheit in einer \u00dcbersicht insgesamt elf Ma\u00dfnahmen mit einem Gesamtvolumen von \u00fcber 25 Millionen alleine bis Ende 2014 \u00fcbermittelt.<\/p>\n<p>Darunter befinden sich Ma\u00dfnahmen in Fulda, H\u00fcnfeld, Eichenzell, Lauterbach, Schlitz und Alsfeld.<\/p>\n<p>Brand betonte, dass die Kommunen mithilfe dieser Bundesf\u00f6rderung \u201ewesentliche Vorhaben f\u00fcr die\u00c2\u00a0 Entwicklung der St\u00e4dte umsetzen k\u00f6nnen und damit die Attraktivit\u00e4t auch der St\u00e4dte und des l\u00e4ndlichen Raumes insgesamt auf Dauer steigern\u201c. Das Programm belege zudem, so Brand, \u201edass wir auch im Westen des Landes gen\u00fcgend Aufgaben und gen\u00fcgend Potenzial haben, um sinnvolle Investitionen im St\u00e4dtebau zu t\u00e4tigen\u201c.<\/p>\n<p>Folgende Projekte wurden gef\u00f6rdert:<\/p>\n<p>Fulda:<br \/>\nProgramm \u201eSanierung und Entwicklung West\u201c in Fulda (Horas, westliche Innenstadt) mit \u00fcber 11 Mio. Euro,<br \/>\nProgramm \u201eSoziale Stadt\u201c mit \u00fcber 2,3 Mio. Euro<br \/>\nProgramm \u201eStadtumbau West\u201c mit 1,584 Mio. Euro.<br \/>\nZentrenprogramm mit 1,738 Mio. Euro<\/p>\n<p>H\u00fcnfeld:<br \/>\nProgramm \u201eSanierung und Entwicklung West\u201c mit 3,183 Mio. Euro<br \/>\nProgramm \u201eSoziale Stadt\u201c mit 1,377 Mio. Euro<\/p>\n<p>Eichenzell:<br \/>\n\u201eSanierung und Entwicklung West\u201c mit 715.300 Euro<\/p>\n<p>Lauterbach:<br \/>\n\u201eSanierung und Entwicklung West\u201c mit 3,959 Mio. Euro<br \/>\n\u201eStadtumbau West\u201c\u00c2\u00a0 mit 682.500 Euro<\/p>\n<p>Schlitz:<br \/>\n\u201eSanierung und Entwicklung West\u201c mit 4,851 Mio. Euro<\/p>\n<p>Alsfeld:<br \/>\nProgramm \u201eStadtumbau West\u201c mit insgesamt 1,557 Mio. Euro<\/p>\n<p>Die Projekte aus dem laufenden Jahr 2015 sind hierin noch nicht erfasst, weil die L\u00e4nder diese zu einem sp\u00e4teren Zeitpunkt dem Bund f\u00fcr dessen \u00dcbersicht melden.<\/p>\n","protected":false},"excerpt":{"rendered":"<div class=\"tmnf_excerpt\"><p>Als \u201estarkes Signal daf\u00fcr, dass der Bund auch den kommunalen St\u00e4dtebau im l\u00e4ndlichen Raum sehr ernst nimmt\u201c, bewertet der heimische Bundestagsabgeordnete Michael Brand die Bilanz der St\u00e4dtebauf\u00f6rderungsma\u00dfnahmen des Bundes der letzten Jahre. Wie Brand berichtet, hat ihm aktuell das Bundesministerium f\u00fcr Umwelt, Naturschutz, Bau und Reaktorsicherheit in einer \u00dcbersicht insgesamt elf Ma\u00dfnahmen mit einem Gesamtvolumen &hellip;<\/p>\n<\/div>","protected":false},"author":1,"featured_media":0,"comment_status":"closed","ping_status":"closed","sticky":false,"template":"","format":"standard","meta":{"footnotes":""},"categories":[1,29],"tags":[],"class_list":["post-138112","post","type-post","status-publish","format-standard","hentry","category-startseite","category-politik"],"_links":{"self":[{"href":"https:\/\/www.fuldaernachrichten.de\/index.php?rest_route=\/wp\/v2\/posts\/138112","targetHints":{"allow":["GET"]}}],"collection":[{"href":"https:\/\/www.fuldaernachrichten.de\/index.php?rest_route=\/wp\/v2\/posts"}],"about":[{"href":"https:\/\/www.fuldaernachrichten.de\/index.php?rest_route=\/wp\/v2\/types\/post"}],"author":[{"embeddable":true,"href":"https:\/\/www.fuldaernachrichten.de\/index.php?rest_route=\/wp\/v2\/users\/1"}],"replies":[{"embeddable":true,"href":"https:\/\/www.fuldaernachrichten.de\/index.php?rest_route=%2Fwp%2Fv2%2Fcomments&post=138112"}],"version-history":[{"count":1,"href":"https:\/\/www.fuldaernachrichten.de\/index.php?rest_route=\/wp\/v2\/posts\/138112\/revisions"}],"predecessor-version":[{"id":138113,"href":"https:\/\/www.fuldaernachrichten.de\/index.php?rest_route=\/wp\/v2\/posts\/138112\/revisions\/138113"}],"wp:attachment":[{"href":"https:\/\/www.fuldaernachrichten.de\/index.php?rest_route=%2Fwp%2Fv2%2Fmedia&parent=138112"}],"wp:term":[{"taxonomy":"category","embeddable":true,"href":"https:\/\/www.fuldaernachrichten.de\/index.php?rest_route=%2Fwp%2Fv2%2Fcategories&post=138112"},{"taxonomy":"post_tag","embeddable":true,"href":"https:\/\/www.fuldaernachrichten.de\/index.php?rest_route=%2Fwp%2Fv2%2Ftags&post=138112"}],"curies":[{"name":"wp","href":"https:\/\/api.w.org\/{rel}","templated":true}]}}