{"id":138098,"date":"2015-05-04T12:08:26","date_gmt":"2015-05-04T10:08:26","guid":{"rendered":"http:\/\/www.fuldaer-nachrichten.de\/?p=138098"},"modified":"2015-05-04T12:08:26","modified_gmt":"2015-05-04T10:08:26","slug":"nacht-der-poesie-im-antoniusheim-fulda","status":"publish","type":"post","link":"https:\/\/www.fuldaernachrichten.de\/?p=138098","title":{"rendered":"Nacht der Poesie\u201c im Antoniusheim Fulda"},"content":{"rendered":"<p>Am Freitag, 8. Mai und Samstag, dem 9. Mai 2015 findet ab 22 Uhr bis ca. 23.30 Uhr eine \u201eNacht der Poesie\u201c in der Festscheune des Antoniusheims Fulda (An St. Kathrin 4) statt. Der Eintritt zu dieser Veranstaltung ist ab 22 Uhr frei.<\/p>\n<p>Das Poetische Erz\u00e4hltheater richtet sich an Jugendliche und Erwachsene. Die Texte, die an diesem Abend gespielt werden, sind Live-Mitschnitte der Veranstaltungen von Rudolf H. Herget \u201eN\u00e4chte der Poesie\u201c (auf CD) aus den letzten Jahren und werden \u00fcber eine Tonanlage gespielt. Zudem werden Bilder von Rudolf H. Herget auf einer Leinwand gezeigt.<\/p>\n<p>Vorher l\u00e4uft von 20 \u2013 22 Uhr (Einlass ab 19.30 Uhr) der Kinofilm \u201eHectors Reise oder die Suche nach dem Gl\u00fcck\u201c in der Festscheune. Karten f\u00fcr den Kinoabend sind im VVK f\u00fcr 6 \u00e2\u201a\u00ac erh\u00e4ltlich oder an der Abendkasse f\u00fcr 7 \u00e2\u201a\u00ac.<\/p>\n<p>Was die Besucher an diesem poetischen Abend im Antoniusheim Fulda erwartet, ist einzigartig. Wir h\u00f6ren Rudolf H. Herget, der Gedichte, lyrische Texte und eine Geschichte vortr\u00e4gt. Das Besondere daran ist, dass er diese wunderbaren Werke u. a. von Ludwig Fulda, Joseph Eichendorff, Hermann Hesse, Friedrich Schiller und Johann Wolfgang von Goethe nie vorgelesen, sondern immer frei vorgetragen hat. Doch anders als auf der B\u00fchne, vertraute er dabei lediglich auf seine Stimme. Harmonie und Stille kehrten ein. Man wurde eins mit Hergets Worten. Und das wird auch bei diesen beiden Veranstaltungen sein.<\/p>\n<p>Wir folgen dem Erz\u00e4hler der Nacht, auf seine literarische Reise. Sch\u00f6ne Worte, Gedanken von gro\u00dfen Dichtern, ein Fest f\u00fcr die Sinne. Eine Anregung zum Nachdenken, Entspannen und Inne halten. Einfach mal die Seele baumeln lassen.<\/p>\n<p>F\u00fcr sein Poetisches Erz\u00e4hltheater besuchte Herget von 1997 \u2013 2013 die sch\u00f6nsten Burgen, Berge und Pl\u00e4tze der Region. Er war als \u201eErz\u00e4hler der Nacht\u201c dem Publikum der Region bestens bekannt.<\/p>\n","protected":false},"excerpt":{"rendered":"<div class=\"tmnf_excerpt\"><p>Am Freitag, 8. Mai und Samstag, dem 9. Mai 2015 findet ab 22 Uhr bis ca. 23.30 Uhr eine \u201eNacht der Poesie\u201c in der Festscheune des Antoniusheims Fulda (An St. Kathrin 4) statt. Der Eintritt zu dieser Veranstaltung ist ab 22 Uhr frei. Das Poetische Erz\u00e4hltheater richtet sich an Jugendliche und Erwachsene. Die Texte, die &hellip;<\/p>\n<\/div>","protected":false},"author":1,"featured_media":138099,"comment_status":"closed","ping_status":"closed","sticky":false,"template":"","format":"standard","meta":{"footnotes":""},"categories":[1,44],"tags":[],"class_list":["post-138098","post","type-post","status-publish","format-standard","has-post-thumbnail","hentry","category-startseite","category-kultur"],"_links":{"self":[{"href":"https:\/\/www.fuldaernachrichten.de\/index.php?rest_route=\/wp\/v2\/posts\/138098","targetHints":{"allow":["GET"]}}],"collection":[{"href":"https:\/\/www.fuldaernachrichten.de\/index.php?rest_route=\/wp\/v2\/posts"}],"about":[{"href":"https:\/\/www.fuldaernachrichten.de\/index.php?rest_route=\/wp\/v2\/types\/post"}],"author":[{"embeddable":true,"href":"https:\/\/www.fuldaernachrichten.de\/index.php?rest_route=\/wp\/v2\/users\/1"}],"replies":[{"embeddable":true,"href":"https:\/\/www.fuldaernachrichten.de\/index.php?rest_route=%2Fwp%2Fv2%2Fcomments&post=138098"}],"version-history":[{"count":1,"href":"https:\/\/www.fuldaernachrichten.de\/index.php?rest_route=\/wp\/v2\/posts\/138098\/revisions"}],"predecessor-version":[{"id":138100,"href":"https:\/\/www.fuldaernachrichten.de\/index.php?rest_route=\/wp\/v2\/posts\/138098\/revisions\/138100"}],"wp:featuredmedia":[{"embeddable":true,"href":"https:\/\/www.fuldaernachrichten.de\/index.php?rest_route=\/wp\/v2\/media\/138099"}],"wp:attachment":[{"href":"https:\/\/www.fuldaernachrichten.de\/index.php?rest_route=%2Fwp%2Fv2%2Fmedia&parent=138098"}],"wp:term":[{"taxonomy":"category","embeddable":true,"href":"https:\/\/www.fuldaernachrichten.de\/index.php?rest_route=%2Fwp%2Fv2%2Fcategories&post=138098"},{"taxonomy":"post_tag","embeddable":true,"href":"https:\/\/www.fuldaernachrichten.de\/index.php?rest_route=%2Fwp%2Fv2%2Ftags&post=138098"}],"curies":[{"name":"wp","href":"https:\/\/api.w.org\/{rel}","templated":true}]}}