{"id":138080,"date":"2015-05-04T11:21:41","date_gmt":"2015-05-04T09:21:41","guid":{"rendered":"http:\/\/www.fuldaer-nachrichten.de\/?p=138080"},"modified":"2015-05-04T11:21:41","modified_gmt":"2015-05-04T09:21:41","slug":"segen-fuer-alles-was-mit-blaulicht-faehrt","status":"publish","type":"post","link":"https:\/\/www.fuldaernachrichten.de\/?p=138080","title":{"rendered":"Segen f\u00fcr alles, was mit Blaulicht f\u00e4hrt"},"content":{"rendered":"<p>\u00d6kumenischer Blaulichtgottesdienst am 8. Mai 2015 um 18.00 Uhr in St. Elisabeth (Lehnerz) &#8211; Am 8. Mai um 18.00 Uhr findet in der St. Elisabethkirche in Fulda-Lehnerz, Steinauer Str. 4, ein \u00f6kumenischer \u201eBlaulichtgottesdienst\u201c statt. Wie bereits im vergangenen Jahr wollen die beiden Pfarrer Etzel und Lange damit allen Einsatzkr\u00e4ften, die mit Blaulicht unterwegs sind oder daf\u00fcr sorgen, dass Einsatzkr\u00e4fte an ihr Ziel kommen, f\u00fcr Engagement und Pflichterf\u00fcllung danken. In dem festlichen Gottesdienst k\u00f6nnen sich die Einsatzkr\u00e4fte zudem von den beiden Geistlichen pers\u00f6nlich f\u00fcr Ihre Aufgaben segnen lassen und so Kraft tanken, die in manchen Situationen hilfreich sein kann.<\/p>\n","protected":false},"excerpt":{"rendered":"<div class=\"tmnf_excerpt\"><p>\u00d6kumenischer Blaulichtgottesdienst am 8. Mai 2015 um 18.00 Uhr in St. Elisabeth (Lehnerz) &#8211; Am 8. Mai um 18.00 Uhr findet in der St. Elisabethkirche in Fulda-Lehnerz, Steinauer Str. 4, ein \u00f6kumenischer \u201eBlaulichtgottesdienst\u201c statt. Wie bereits im vergangenen Jahr wollen die beiden Pfarrer Etzel und Lange damit allen Einsatzkr\u00e4ften, die mit Blaulicht unterwegs sind oder &hellip;<\/p>\n<\/div>","protected":false},"author":1,"featured_media":138081,"comment_status":"closed","ping_status":"closed","sticky":false,"template":"","format":"standard","meta":{"footnotes":""},"categories":[1,71,50],"tags":[],"class_list":["post-138080","post","type-post","status-publish","format-standard","has-post-thumbnail","hentry","category-startseite","category-feuerwehr","category-kirche"],"_links":{"self":[{"href":"https:\/\/www.fuldaernachrichten.de\/index.php?rest_route=\/wp\/v2\/posts\/138080","targetHints":{"allow":["GET"]}}],"collection":[{"href":"https:\/\/www.fuldaernachrichten.de\/index.php?rest_route=\/wp\/v2\/posts"}],"about":[{"href":"https:\/\/www.fuldaernachrichten.de\/index.php?rest_route=\/wp\/v2\/types\/post"}],"author":[{"embeddable":true,"href":"https:\/\/www.fuldaernachrichten.de\/index.php?rest_route=\/wp\/v2\/users\/1"}],"replies":[{"embeddable":true,"href":"https:\/\/www.fuldaernachrichten.de\/index.php?rest_route=%2Fwp%2Fv2%2Fcomments&post=138080"}],"version-history":[{"count":1,"href":"https:\/\/www.fuldaernachrichten.de\/index.php?rest_route=\/wp\/v2\/posts\/138080\/revisions"}],"predecessor-version":[{"id":138082,"href":"https:\/\/www.fuldaernachrichten.de\/index.php?rest_route=\/wp\/v2\/posts\/138080\/revisions\/138082"}],"wp:featuredmedia":[{"embeddable":true,"href":"https:\/\/www.fuldaernachrichten.de\/index.php?rest_route=\/wp\/v2\/media\/138081"}],"wp:attachment":[{"href":"https:\/\/www.fuldaernachrichten.de\/index.php?rest_route=%2Fwp%2Fv2%2Fmedia&parent=138080"}],"wp:term":[{"taxonomy":"category","embeddable":true,"href":"https:\/\/www.fuldaernachrichten.de\/index.php?rest_route=%2Fwp%2Fv2%2Fcategories&post=138080"},{"taxonomy":"post_tag","embeddable":true,"href":"https:\/\/www.fuldaernachrichten.de\/index.php?rest_route=%2Fwp%2Fv2%2Ftags&post=138080"}],"curies":[{"name":"wp","href":"https:\/\/api.w.org\/{rel}","templated":true}]}}