{"id":138071,"date":"2015-05-04T08:19:05","date_gmt":"2015-05-04T06:19:05","guid":{"rendered":"http:\/\/www.fuldaer-nachrichten.de\/?p=138071"},"modified":"2015-05-04T08:23:20","modified_gmt":"2015-05-04T06:23:20","slug":"fast-eine-million-euro-fu%cc%88r-projekte-der-region-birgit-koempel-stolz-auf-staedtebaufoerderung","status":"publish","type":"post","link":"https:\/\/www.fuldaernachrichten.de\/?p=138071","title":{"rendered":"Fast eine Million Euro f\u00fcr Projekte der Region &#8211; Birgit K\u00f6mpel stolz auf St\u00e4dtebauf\u00f6rderung"},"content":{"rendered":"<p>\u201eFast eine Million Euro hat der Bund im vergangenen Jahr in die St\u00e4dtebauf\u00f6rderung fu\u00cc\u02c6r Projekte in meinem Wahlkreis investiert.\u201c Dies teilt die SPD-Bundestagsabgeordnete Birgit K\u00f6mpel (Wahlkreis Fulda\/Vogelsberg) mit. Die Summe in H\u00f6he von exakt 959.000 Euro geht aus einer Aufstellung des SPD-gefu\u00cc\u02c6hrten Ministeriums fu\u00cc\u02c6r Umwelt, Naturschutz, Bau- und Reaktorsicherheit hervor. \u201eDie St\u00e4dtebauf\u00f6rderung ist eine Erfolgsgeschichte. Und natu\u00cc\u02c6rlich freue ich mich, dass so viel Geld in meinen Wahlkreis geflossen ist\u201c, sagt Birgit K\u00f6mpel. In Fulda wurden im Programm \u201eSoziale Stadt\u201c fu\u00cc\u02c6r Aschenberg und Ziehers Su\u00cc\u02c6d 330.000 Euro sowie im Programm \u201eStadtumbau West\u201c fu\u00cc\u02c6r den su\u00cc\u02c6dlichen Innenstadtrand 168.000 Euro bereitgestellt. Hu\u00cc\u02c6nfeld erhielt fu\u00cc\u02c6r die Kernstadt 370.000 Euro und fu\u00cc\u02c6r das Tiergartenviertel 23.500 Euro. Fu\u00cc\u02c6r die Lauterbacher Kernstadt gab es 67.500 Euro.<\/p>\n<p>Bundesweit wurden im vergangenen Jahr 2088 st\u00e4dtebauliche Ma\u00dfnahmen gef\u00f6rdert. Die St\u00e4dtebauf\u00f6rderung habe auch eine hohe Ansto\u00dfwirkung auf weitere \u00f6ffentliche und vor allem auch private Folgeinvestitionen und Arbeitspl\u00e4tze, schreibt K\u00f6mpel abschlie\u00dfend.<\/p>\n","protected":false},"excerpt":{"rendered":"<div class=\"tmnf_excerpt\"><p>\u201eFast eine Million Euro hat der Bund im vergangenen Jahr in die St\u00e4dtebauf\u00f6rderung fu\u00cc\u02c6r Projekte in meinem Wahlkreis investiert.\u201c Dies teilt die SPD-Bundestagsabgeordnete Birgit K\u00f6mpel (Wahlkreis Fulda\/Vogelsberg) mit. Die Summe in H\u00f6he von exakt 959.000 Euro geht aus einer Aufstellung des SPD-gefu\u00cc\u02c6hrten Ministeriums fu\u00cc\u02c6r Umwelt, Naturschutz, Bau- und Reaktorsicherheit hervor. \u201eDie St\u00e4dtebauf\u00f6rderung ist eine Erfolgsgeschichte. &hellip;<\/p>\n<\/div>","protected":false},"author":1,"featured_media":0,"comment_status":"closed","ping_status":"closed","sticky":false,"template":"","format":"standard","meta":{"footnotes":""},"categories":[1,29],"tags":[],"class_list":["post-138071","post","type-post","status-publish","format-standard","hentry","category-startseite","category-politik"],"_links":{"self":[{"href":"https:\/\/www.fuldaernachrichten.de\/index.php?rest_route=\/wp\/v2\/posts\/138071","targetHints":{"allow":["GET"]}}],"collection":[{"href":"https:\/\/www.fuldaernachrichten.de\/index.php?rest_route=\/wp\/v2\/posts"}],"about":[{"href":"https:\/\/www.fuldaernachrichten.de\/index.php?rest_route=\/wp\/v2\/types\/post"}],"author":[{"embeddable":true,"href":"https:\/\/www.fuldaernachrichten.de\/index.php?rest_route=\/wp\/v2\/users\/1"}],"replies":[{"embeddable":true,"href":"https:\/\/www.fuldaernachrichten.de\/index.php?rest_route=%2Fwp%2Fv2%2Fcomments&post=138071"}],"version-history":[{"count":2,"href":"https:\/\/www.fuldaernachrichten.de\/index.php?rest_route=\/wp\/v2\/posts\/138071\/revisions"}],"predecessor-version":[{"id":138074,"href":"https:\/\/www.fuldaernachrichten.de\/index.php?rest_route=\/wp\/v2\/posts\/138071\/revisions\/138074"}],"wp:attachment":[{"href":"https:\/\/www.fuldaernachrichten.de\/index.php?rest_route=%2Fwp%2Fv2%2Fmedia&parent=138071"}],"wp:term":[{"taxonomy":"category","embeddable":true,"href":"https:\/\/www.fuldaernachrichten.de\/index.php?rest_route=%2Fwp%2Fv2%2Fcategories&post=138071"},{"taxonomy":"post_tag","embeddable":true,"href":"https:\/\/www.fuldaernachrichten.de\/index.php?rest_route=%2Fwp%2Fv2%2Ftags&post=138071"}],"curies":[{"name":"wp","href":"https:\/\/api.w.org\/{rel}","templated":true}]}}