{"id":138064,"date":"2015-05-03T11:14:25","date_gmt":"2015-05-03T09:14:25","guid":{"rendered":"http:\/\/www.fuldaer-nachrichten.de\/?p=138064"},"modified":"2015-05-03T11:14:25","modified_gmt":"2015-05-03T09:14:25","slug":"tanz-in-den-mai-mit-den-tanz-freunden-fulda-ein-ueberaus-gelungener-abend","status":"publish","type":"post","link":"https:\/\/www.fuldaernachrichten.de\/?p=138064","title":{"rendered":"\u201eTanz in den Mai\u201c mit den Tanz-Freunden Fulda \u2013 ein \u00fcberaus gelungener Abend"},"content":{"rendered":"<p><a href=\"http:\/\/www.fuldaer-nachrichten.de\/?attachment_id=138066\" rel=\"attachment wp-att-138066\"><img decoding=\"async\" class=\"alignleft size-medium wp-image-138066\" src=\"http:\/\/www.fuldaer-nachrichten.de\/wp-content\/uploads\/2015\/05\/DSC03891-265x184.jpg\" alt=\"DSC03891\" width=\"265\" height=\"184\" srcset=\"https:\/\/www.fuldaernachrichten.de\/wp-content\/uploads\/2015\/05\/DSC03891-265x184.jpg 265w, https:\/\/www.fuldaernachrichten.de\/wp-content\/uploads\/2015\/05\/DSC03891-600x416.jpg 600w, https:\/\/www.fuldaernachrichten.de\/wp-content\/uploads\/2015\/05\/DSC03891.jpg 900w\" sizes=\"(max-width: 265px) 100vw, 265px\" \/><\/a>Ausgelassen und fr\u00f6hlich tanzten die\u00c2\u00a0 Tanz-Freunde Fulda am vergangenen Donnerstag in den Mai.<br \/>\nUtz Krebel, 1. Vorsitzender der Tanz-Freunde Fulda, begr\u00fc\u00dfte auch in diesem Jahr wieder eine gro\u00dfe Zahl Mitglieder und Freunde in der Grillenburg in Fulda Lehnerz und er\u00f6ffnete einen tollen Tanzabend mit \u201eGeorgie\u201c, Georg Flor, der schon seit vielen Jahre bei zahlreichen Veranstaltungen der Tanz-Freunde f\u00fcr hervorragende Tanzmusik sorgt. Ob Langsamer Walzer, Tango, Rumba, Cha Cha, Jive oder Disco-Fox, f\u00fcr jeden Musikgeschmack war etwas dabei. Animiert durch die mitrei\u00dfenden Rhythmen f\u00fcllten die G\u00e4ste immer wieder die Tanzfl\u00e4che.<\/p>\n<p>Einer der H\u00f6hepunkte des Abends war der Showauftritt der Breitensportformation des TSC \u2013 der Kasseler Kreises, trainiert von Andrea und Dieter Tisiotti. Zu einem Medley aus ABBA-Songs pr\u00e4sentierten die acht Paare eine mitrei\u00dfende Show in der alle 10 Standard- und Latein-T\u00e4nze wieder zu finden waren. Immer wieder angespornt durch Szenenapplaus sah man den Tanzpaaren die Freude an ihrem Auftritt deutlich an. Begeistert von der Darbietung dieser tollen Tanzgruppe lie\u00dfen sich die G\u00e4ste nicht lange bitten die Tanzfl\u00e4che wieder zu f\u00fcllen.<\/p>\n<p>In einer Tanzpause bat Andrea Burggraf, Disco-Fox Trainerin der Tanz-Freunde Fulda, die Tanzpaare auf die Fl\u00e4che. Disco-Fox Rueda hie\u00df es nun, ein Kreistanz zu Disco-Fox Musik, bei dem die Tanzpartnerin immer wieder wechselt. Mit viel Spa\u00df und Elan waren die T\u00e4nzerinnen und T\u00e4nzer dabei, wobei es immer wieder so manche Verwicklung gab, wer denn nun mit wem tanzt. Und weil es so viel Spa\u00df gemacht hat, gab es gleich noch eine zweite Runde. Und dann war er da \u2013 der Mai \u2013 und wurde wie jedes Jahr einstimmig mit dem Lied \u201eder Mai ist gekommen\u201c begr\u00fc\u00dft.<\/p>\n","protected":false},"excerpt":{"rendered":"<div class=\"tmnf_excerpt\"><p>Ausgelassen und fr\u00f6hlich tanzten die\u00c2\u00a0 Tanz-Freunde Fulda am vergangenen Donnerstag in den Mai. Utz Krebel, 1. Vorsitzender der Tanz-Freunde Fulda, begr\u00fc\u00dfte auch in diesem Jahr wieder eine gro\u00dfe Zahl Mitglieder und Freunde in der Grillenburg in Fulda Lehnerz und er\u00f6ffnete einen tollen Tanzabend mit \u201eGeorgie\u201c, Georg Flor, der schon seit vielen Jahre bei zahlreichen Veranstaltungen &hellip;<\/p>\n<\/div>","protected":false},"author":1,"featured_media":138065,"comment_status":"closed","ping_status":"closed","sticky":false,"template":"","format":"standard","meta":{"footnotes":""},"categories":[1,44],"tags":[],"class_list":["post-138064","post","type-post","status-publish","format-standard","has-post-thumbnail","hentry","category-startseite","category-kultur"],"_links":{"self":[{"href":"https:\/\/www.fuldaernachrichten.de\/index.php?rest_route=\/wp\/v2\/posts\/138064","targetHints":{"allow":["GET"]}}],"collection":[{"href":"https:\/\/www.fuldaernachrichten.de\/index.php?rest_route=\/wp\/v2\/posts"}],"about":[{"href":"https:\/\/www.fuldaernachrichten.de\/index.php?rest_route=\/wp\/v2\/types\/post"}],"author":[{"embeddable":true,"href":"https:\/\/www.fuldaernachrichten.de\/index.php?rest_route=\/wp\/v2\/users\/1"}],"replies":[{"embeddable":true,"href":"https:\/\/www.fuldaernachrichten.de\/index.php?rest_route=%2Fwp%2Fv2%2Fcomments&post=138064"}],"version-history":[{"count":1,"href":"https:\/\/www.fuldaernachrichten.de\/index.php?rest_route=\/wp\/v2\/posts\/138064\/revisions"}],"predecessor-version":[{"id":138067,"href":"https:\/\/www.fuldaernachrichten.de\/index.php?rest_route=\/wp\/v2\/posts\/138064\/revisions\/138067"}],"wp:featuredmedia":[{"embeddable":true,"href":"https:\/\/www.fuldaernachrichten.de\/index.php?rest_route=\/wp\/v2\/media\/138065"}],"wp:attachment":[{"href":"https:\/\/www.fuldaernachrichten.de\/index.php?rest_route=%2Fwp%2Fv2%2Fmedia&parent=138064"}],"wp:term":[{"taxonomy":"category","embeddable":true,"href":"https:\/\/www.fuldaernachrichten.de\/index.php?rest_route=%2Fwp%2Fv2%2Fcategories&post=138064"},{"taxonomy":"post_tag","embeddable":true,"href":"https:\/\/www.fuldaernachrichten.de\/index.php?rest_route=%2Fwp%2Fv2%2Ftags&post=138064"}],"curies":[{"name":"wp","href":"https:\/\/api.w.org\/{rel}","templated":true}]}}