{"id":138062,"date":"2015-05-03T11:12:42","date_gmt":"2015-05-03T09:12:42","guid":{"rendered":"http:\/\/www.fuldaer-nachrichten.de\/?p=138062"},"modified":"2015-05-03T11:12:42","modified_gmt":"2015-05-03T09:12:42","slug":"hr-mit-rund-60-veranstaltungen-auf-dem-hessentag-in-hofgeismar","status":"publish","type":"post","link":"https:\/\/www.fuldaernachrichten.de\/?p=138062","title":{"rendered":"hr mit rund 60 Veranstaltungen auf dem Hessentag in Hofgeismar"},"content":{"rendered":"<p>Zehn Tage lang l\u00e4dt der Hessische Rundfunk (hr) w\u00e4hrend des 55. Hessentags zu rund 60 Veranstaltungen nach Hofgeismar ein. Damit ist der hr einmal mehr der gr\u00f6\u00dfte Einzelveranstalter auf dem j\u00e4hrlichen Landesfest der Hessen. Im Mittelpunkt steht dabei der \u201ehr-Treff\u201c, das Hessentags-Festzelt des Hessischen Rundfunks direkt am Busbahnhof: Vom 29. Mai bis zum 7. Juni k\u00f6nnen Hessentags-Besucher hier von mittags bis sp\u00e4t in die Nacht Fernsehshows, Konzerte und Partys erleben \u2013 und das bei stets freiem Eintritt.<\/p>\n<p>Gleich am ersten Hessentagsabend k\u00f6nnen sich Musikfreunde auf ein besonderes Highlight freuen: Max Mutzke und Laith Al-Deen bringen gemeinsam mit der hr-Bigband am Freitagabend, 29. Mai, von 20 Uhr an den \u201ehr-Treff\u201c zum Kochen.<\/p>\n<p>Ein weiterer H\u00f6hepunkt ist das gro\u00dfe Finale der hr-Aktion \u201eDolles Dorf 2015\u201c. Am ersten Hessentags-Sonntag, 31. Mai, k\u00e4mpfen vier hessische D\u00f6rfer um den Sieg. Die Preise werden \u00fcberreicht von Hessens Ministerpr\u00e4sident Volker Bouffier und hr-Intendant Helmut Reitze. Das hr-fernsehen \u00fcbertr\u00e4gt von 18 Uhr an live aus dem \u201ehr-Treff\u201c, es moderiert Jens K\u00f6lker.<\/p>\n<p>Von Montag bis Donnerstag k\u00f6nnen Schlagerfans ihren Idolen ganz nahe kommen: An den Nachmittagen und den Abenden stehen Stars wie die zweifache Echo-Gewinnerin Oonagh, Mary Roos, Marc Marshall, Beatrice Egli, Ella Endlich, Karat, Nicole, Claudia Jung, Ross Anthony, Alexander Klaws, Maxi Arland, Graham Bonney, Maybebop, Yared Dibaba, Bluma und Maria Levin auf der Show-B\u00fchne des \u201ehr-Treffs\u201c, am Dienstag- und Donnerstagabend werden zudem zwei Schlagerpartys f\u00fcr das hr-fernsehen aufgezeichnet. Es moderieren Isabel Varell und Dieter Voss.<\/p>\n<p>Freunde der Volksmusik sollten sich den 5. und 6. Juni vormerken: An beiden Tagen begr\u00fc\u00dfen Ruth Moschner und J\u00f6rg \u201eHubsi\u201c Trenkwalder nachmittags und abends im \u201ehr-Treff\u201c K\u00fcnstler wie Patrick Lindner, Marianne &amp; Michael, Geri der Klostertaler, Antonia aus Tirol, die Seer, die Wildecker Herzbuben, Carina und nat\u00fcrlich die Trenkwalder, am Samstagabend zeichnet das hr-fernsehen die Auftritte unter dem Titel \u201eHier spielt die Volksmusik\u201c auf.<\/p>\n<p>Moderator Thomas Ranft unterh\u00e4lt die G\u00e4ste im \u201ehr-Treff\u201c und wird live aus dem Zelt werkt\u00e4glich die Sendung \u201eAlle Wetter!\u201c pr\u00e4sentieren. Live-Schalten f\u00fcr \u201eHallo Hessen\u201c und die \u201eHessenschau\u201c werden ebenfalls aus dem \u201ehr-Treff\u201c gesendet, am Er\u00f6ffnungstag kommt das Landesmagazin mit Moderator Andreas Hieke komplett live aus Hofgeismar.<\/p>\n<p>Nat\u00fcrlich kommen auch die Fu\u00dfball-Fans voll auf ihre Kosten: Am Samstag, 30. Mai, l\u00e4dt der hr zum stimmungsvollen Public Viewing des DFB-Pokalfinales auf der gro\u00dfen Leinwand in den \u201ehr-Treff\u201c, und am Samstag, 6. Juni, ist \u2013 bei deutscher Beteiligung \u2013 auch das Finale der Champions League zu sehen.<\/p>\n<p>Bei zahlreichen \u201eBackstage\u201c-F\u00fchrungen k\u00f6nnen Interessierte au\u00dferdem einen Blick hinter die Kulissen werfen und die Arbeit des hr-Teams inklusive Technik, Maske und Garderobe kennenlernen.<\/p>\n<p>Der Abend im \u201ehr-Treff\u201c klingt aus mit den beliebten hr-Partys, die t\u00e4glich gegen 22.30 Uhr starten und bei denen DJs wie Roland Boros, Mirko F\u00f6rster, Carsten Gohlke und Tobi K\u00e4mmerer f\u00fcr Stimmung bis weit nach Mitternacht sorgen.<\/p>\n<p>Damit das alles reibungslos klappt, r\u00fcckt der hr mit gro\u00dfem Team und einem 45 Meter langen und 25 Meter breiten Zelt an. 65 Tonnen Equipment werden nach Hofgeismar transportiert \u2013 darunter \u00fcber zehn Fernsehkameras inklusive einer schwenkbaren Krankamera \u2013 und \u00fcber 20 Kilometer Kabel werden verlegt. Insgesamt produziert der hr auf dem Hessentag rund 13 Stunden Programm f\u00fcr Fernsehen und H\u00f6rfunk.<\/p>\n<p>Der hr pr\u00e4sentiert au\u00dferdem an vielen anderen Spielorten wie der Hessentags-Arena oder dem Festzelt mit seinen Radioprogrammen hr3, hr4 und YOU FM Stars aus Rock und Pop, Schlager und Comedy \u2013 darunter etwa Herbert Gr\u00f6nemeyer, Andrea Berg, Revolverheld, Badesalz oder die YOU FM NIGHT mit Max Herre, Clueso, Kwabs und Joris. Au\u00dferdem veranstaltet das junge Radio seine YOU FM Party mit einem DJ-Line-Up, welches beste Musik verspricht. Dabei sind Beginner Soundsystem (DJ Mad und Denyo) sowie Luke4000.<\/p>\n<p>Zum Abschluss des Hessenfests \u00fcbertr\u00e4gt das hr-fernsehen am Sonntag, 7. Juni, von 13.30 Uhr an den gro\u00dfen Hessentags-Festzug live.<\/p>\n<p>Der Eintritt zu allen Veranstaltungen und Sendungen im hr-Treff ist frei, Karten f\u00fcr die \u00fcbrigen Konzerte gibt es beim hr-Ticketcenter (Telefon 069 \/ 155 2000) und unter der Hessentags-Hotline 115 (keine Vorwahl n\u00f6tig).<\/p>\n<p>Das gesamte Programmangebot des hr auf dem 55. Hessentag gibt es unter www.hessentag.hr-online.de. Dort findet man auch jede Menge News, Backstage-Eindr\u00fccke und Schnappsch\u00fcsse von hr-Stars.<\/p>\n","protected":false},"excerpt":{"rendered":"<div class=\"tmnf_excerpt\"><p>Zehn Tage lang l\u00e4dt der Hessische Rundfunk (hr) w\u00e4hrend des 55. Hessentags zu rund 60 Veranstaltungen nach Hofgeismar ein. Damit ist der hr einmal mehr der gr\u00f6\u00dfte Einzelveranstalter auf dem j\u00e4hrlichen Landesfest der Hessen. Im Mittelpunkt steht dabei der \u201ehr-Treff\u201c, das Hessentags-Festzelt des Hessischen Rundfunks direkt am Busbahnhof: Vom 29. Mai bis zum 7. Juni &hellip;<\/p>\n<\/div>","protected":false},"author":1,"featured_media":0,"comment_status":"closed","ping_status":"closed","sticky":false,"template":"","format":"standard","meta":{"footnotes":""},"categories":[1,44],"tags":[],"class_list":["post-138062","post","type-post","status-publish","format-standard","hentry","category-startseite","category-kultur"],"_links":{"self":[{"href":"https:\/\/www.fuldaernachrichten.de\/index.php?rest_route=\/wp\/v2\/posts\/138062","targetHints":{"allow":["GET"]}}],"collection":[{"href":"https:\/\/www.fuldaernachrichten.de\/index.php?rest_route=\/wp\/v2\/posts"}],"about":[{"href":"https:\/\/www.fuldaernachrichten.de\/index.php?rest_route=\/wp\/v2\/types\/post"}],"author":[{"embeddable":true,"href":"https:\/\/www.fuldaernachrichten.de\/index.php?rest_route=\/wp\/v2\/users\/1"}],"replies":[{"embeddable":true,"href":"https:\/\/www.fuldaernachrichten.de\/index.php?rest_route=%2Fwp%2Fv2%2Fcomments&post=138062"}],"version-history":[{"count":1,"href":"https:\/\/www.fuldaernachrichten.de\/index.php?rest_route=\/wp\/v2\/posts\/138062\/revisions"}],"predecessor-version":[{"id":138063,"href":"https:\/\/www.fuldaernachrichten.de\/index.php?rest_route=\/wp\/v2\/posts\/138062\/revisions\/138063"}],"wp:attachment":[{"href":"https:\/\/www.fuldaernachrichten.de\/index.php?rest_route=%2Fwp%2Fv2%2Fmedia&parent=138062"}],"wp:term":[{"taxonomy":"category","embeddable":true,"href":"https:\/\/www.fuldaernachrichten.de\/index.php?rest_route=%2Fwp%2Fv2%2Fcategories&post=138062"},{"taxonomy":"post_tag","embeddable":true,"href":"https:\/\/www.fuldaernachrichten.de\/index.php?rest_route=%2Fwp%2Fv2%2Ftags&post=138062"}],"curies":[{"name":"wp","href":"https:\/\/api.w.org\/{rel}","templated":true}]}}